{"id":188,"date":"2018-03-28T09:30:18","date_gmt":"2018-03-28T07:30:18","guid":{"rendered":"https:\/\/www.buchingerkuduz.com\/blog\/?p=188"},"modified":"2022-03-24T21:14:31","modified_gmt":"2022-03-24T20:14:31","slug":"trends-im-automobilsektor","status":"publish","type":"post","link":"https:\/\/www.buchingerkuduz.com\/blog\/trends-im-automobilsektor\/","title":{"rendered":"Trends im Automobilsektor"},"content":{"rendered":"\n<p>Nach dem <a href=\"https:\/\/www.buchingerkuduz.com\/blog\/managergehaelter-in-der-deutschen-autoindustrie\/\"><u>letzten Beitrag \u00fcber den Hochmut der deutschen Autolobby<\/u><\/a> berichte ich dieses Mal \u00fcber ein komplettes Gegenteil: Die mobilen Trends, die vor allem im fernen Osten entstehen und daher bei uns nicht so pr\u00e4sent sind.<\/p>\n\n\n\n<h2 class=\"wp-block-heading\" id=\"elektrische-trends\"><strong>Elektrische Trends<\/strong><\/h2>\n\n\n\n<p>In den letzten Wochen wurden u.a. zwei Studien mit Zahlen rund um das Thema Elektromobilit\u00e4t ver\u00f6ffentlicht. Ich beziehe mich auf die Erhebungen des <strong>ZSW<\/strong> (Zentrum f\u00fcr Sonnenenergie- und Wasserstoff-Forschung Baden-W\u00fcrttemberg) (1) und auf den <strong>EVI<\/strong> (Electric Vehicle Index) von McKinsey (2).<\/p>\n\n\n\n<p>Laut ZSW ist der Bestand an Elektroautos bis Ende des Jahres 2017 <strong>weltweit auf 3,2 Millionen<\/strong> gestiegen. Im <a href=\"https:\/\/www.buchingerkuduz.com\/blog\/veraenderungen-im-automobilmarkt\/\"><strong><u>Reich der Mitte<\/u><\/strong><\/a> sind davon 1,2 Millionen unterwegs, gefolgt von den <strong>USA<\/strong> mit 750.000 und <strong>Japan<\/strong> mit 200.000 Einheiten. Auf Platz 4 liegt <strong>Norwegen<\/strong> mit der unglaublichen Zahl von 187.270 E-Fahrzeugen. Damit ist deren Bestand doppelt so hoch wie der von Deutschland (93.000 Fahrzeuge) &#8211; nur mit dem Unterschied, dass Norwegen etwas mehr als 5 Millionen Einwohner (3) hat. (1)<\/p>\n\n\n\n<h2 class=\"wp-block-heading\" id=\"wer-waren-die-grossten-produzenten\"><strong>Wer waren die gr\u00f6\u00dften Produzenten?<\/strong><\/h2>\n\n\n\n<p>Die <a href=\"https:\/\/www.buchingerkuduz.com\/blog\/wahlkampf-verbrenner\/\"><strong><u>chinesischen Hersteller<\/u><\/strong> BYD<\/a> und SAIC konnten die <strong>meisten Neuzulassungen<\/strong> f\u00fcr sich verbuchen. Der erfolgreichste westliche Hersteller war wie auch im Vorjahr <strong>Tesla<\/strong> mit 86.700 Neuzulassungen, trotz der Verz\u00f6gerungen beim Modell 3. BMW hat es auf Platz 4 geschafft, gefolgt von VW auf Platz 5.(1)<\/p>\n\n\n\n<h2 class=\"wp-block-heading\" id=\"wie-sahen-die-zahlen-im-detail-aus\"><strong>Wie sahen die Zahlen im Detail aus?<\/strong><\/h2>\n\n\n\n<p>Laut EVI wurde erstmals im Jahr <strong>2017 die Millionenmarke bei den j\u00e4hrlichen Anmeldungen \u00fcberschritten<\/strong>. China sicherte sich <strong>unangefochten den Platz 1<\/strong> mit \u00fcber 600.000 verkauften Einheiten und einem Plus von 72 % zum Vorjahr. Da es in China mittlerweile knapp <strong>100 verschiedene E-Auto-Modelle<\/strong> gibt, ist der Zuwachs nicht verwunderlich. Auf Platz 2 folgte <strong>Europa<\/strong> mit 306.000 neuen E-Fahrzeugen (+39 %) und die <strong>USA<\/strong> (200.000 E-Autos, +27 %). (2)<\/p>\n\n\n\n<p>Man muss hier aber erw\u00e4hnen, dass beide Studien auch <strong>PlugIn-Hybride<\/strong> und <strong>Range Extender<\/strong>&nbsp;ber\u00fccksichtigen. Unter Range Extender versteht man meistens Verbrennungsmotoren, die batteriebetriebene Fahrzeuge unterst\u00fctzen. Beispielsweise schafft der i8 von BMW elektrisch betrieben circa 40 km, dank Range Extender geht es dann noch weiter.&nbsp;Elektromotoren, die mit einem Stecker am Stromnetz geladen werden k\u00f6nnen und den Verbrennungsmotor unterst\u00fctzen, nennt man PlugIn-Hybride.<\/p>\n\n\n\n<p>Sicherlich sind diese beiden Konzepte ein Schritt in die richtige Richtung. Aber <a href=\"https:\/\/www.buchingerkuduz.com\/blog\/mobilitaet-zurueck-in-die-vergangenheit\/\"><u>\u00fcberdimensionierte SUVs<\/u><\/a> mit einem E-Motor zus\u00e4tzlich auszustatten, hat wenig mit Innovation zu tun.<\/p>\n\n\n\n<p>In Europa war jedes zweite der neu zugelassenen E-Autos ein Plugin-Hybrid, daher ist die Euphorie \u00fcber die <strong>Zuwachszahlen mit Vorsicht<\/strong> zu genie\u00dfen. In Deutschland wurden 58.000 neue E-Autos zugelassen, damit hat sich die Zahl der Neuanmeldungen im Vergleich zu 2016 verdoppelt, sie liegt aber noch immer weit hinter dem ausgerufenen Ziel von 1 Million E-Fahrzeugen im Jahr 2020.<\/p>\n\n\n\n<h2 class=\"wp-block-heading\" id=\"landervergleich\"><strong>L\u00e4ndervergleich<\/strong><\/h2>\n\n\n\n<p>Im L\u00e4ndervergleich der <strong>wichtigsten E-Autom\u00e4rkte<\/strong> bezogen auf die Einwohner ergibt sich folgendes, durchaus interessante, Bild: (2)<\/p>\n\n\n\n<ol class=\"wp-block-list\"><li>Norwegen<\/li><li>China<\/li><li>Schweiz<\/li><li>Schweden<\/li><li>Niederlande<\/li><li>USA<\/li><li>Frankreich<\/li><li>UK<\/li><li>\u00d6sterreich<\/li><li>Belgien<\/li><li>S\u00fcdkorea<\/li><li>Deutschland<\/li><li>Japan<\/li><li>Italien<\/li><li>Indien<\/li><\/ol>\n\n\n\n<p>Bei den <strong>Hersteller-Nationen<\/strong> liegt China klar voran, danach folgen Japan, Deutschland, USA, dahinter S\u00fcdkorea, Frankreich und Indien.(2)<\/p>\n\n\n\n<p>Ich frage mich jetzt, ob der derzeit hochgelobte <strong>Jaguar I-Pace<\/strong> unter \u201eIndien\u201c verbucht wird? Der Traditonshersteller wurde von Tata Motors \u00fcbernommen, daher ist die Ausrichtung auf Elektromobilit\u00e4t nicht weiter verwunderlich. Der neue \u201eCross-Over-SUV\u201c wird von Magna-Steyr in \u00d6sterreich gebaut und kann ab M\u00e4rz 2018 bereits bestellt werden. Der als \u201eTesla-Hunter\u201c titulierte Wagen gl\u00e4nzt \u00e4hnlich, wie das amerikanische Vorbild, mit hoher Beschleunigung und Komfort. Der Preis soll mit circa 80.000 Euro nicht ganz so hoch ausfallen. Die Garantien auf Batterie und Antriebsstrang sind vergleichbar, nur die Ladeinfrastruktur fehlt, was sicherlich eine etwas gr\u00f6\u00dfere Einstiegsh\u00fcrde bedeutet.<\/p>\n\n\n\n<p><strong>Hier finden Sie ein sch\u00f6nes Video \u00fcber die Entwicklung des I Pace:<\/strong><\/p>\n\n\n\n<iframe width=\"560\" height=\"315\" src=\"https:\/\/www.youtube-nocookie.com\/embed\/tsqUy4VEJ4c\" title=\"YouTube video player\" frameborder=\"0\" allow=\"accelerometer; autoplay; clipboard-write; encrypted-media; gyroscope; picture-in-picture\" allowfullscreen=\"\"><\/iframe>\n\n\n\n<p>Apropos I-Pace: Die Google Schwesterfirma <strong>Waywo<\/strong> (die mit dem Ei-Auto) k\u00fcndigte gestern an, 20.000 St\u00fcck der I-Pace in den Betrieb f\u00fcr selbstfahrende Taxis \u00fcbernehmen zu wollen. Erste Testfahrzeuge sollen im heurigen Jahr bereits in den USA fahren. (4)<\/p>\n\n\n\n<h2 class=\"wp-block-heading\" id=\"trendkurve\"><strong>Trendkurve<\/strong><\/h2>\n\n\n\n<p>Sicherlich ist das oben vorgestellte Fahrzeug ein sch\u00f6ner Wagen, aber nur f\u00fcr einen kleinen Personenkreis oder im Dauerbetrieb wie bei Waymo erschwinglich. Der Durchbruch in der Massenmobilit\u00e4t wird \u00fcber kleinere und leistbare Fahrzeuge kommen. Ich pers\u00f6nlich freue mich daher auf die Auslieferung des neuen <strong>Nissan Leaf<\/strong>. Ab M\u00e4rz 2018 kommt die <a href=\"https:\/\/www.buchingerkuduz.com\/blog\/neue-e-fahrzeuge-in-sicht\/\"><u>Neuauflage des meistverkauften Elektrofahrzeuges<\/u><\/a> der Welt in den Handel. Mit einem Preis von rund 34.000 Euro ist dieses E-Auto zwar noch immer kein Schn\u00e4ppchen, er liegt aber im Bereich eines normalen Fahrzeugs. Au\u00dferdem finden Sie mit dieser Fahrzeuggr\u00f6\u00dfe auch noch leicht einen Parkplatz.<\/p>\n\n\n\n<p>Was meinen Sie? Wie geht es mit der Elektromobilit\u00e4t weiter? Ich freue mich auf Ihre Kommentare.<\/p>\n\n\n\n<p>Beste Gr\u00fc\u00dfe,<\/p>\n\n\n\n<p>Ihre Marlene Buchinger<\/p>\n\n\n\n<h2 class=\"wp-block-heading\" id=\"quellen\"><strong>Quellen<\/strong><\/h2>\n\n\n\n<ol class=\"wp-block-list\"><li><a href=\"https:\/\/www.zsw-bw.de\/\" target=\"_blank\" rel=\"noreferrer noopener\"><u>Zentrum f\u00fcr Sonnenenergie- und Wasserstoff-Forschung Baden-W\u00fcrttemberg<\/u><\/a><\/li><li><a href=\"https:\/\/www.mckinsey.de\/elektromobilitaet\"><u>EVI (Electric Vehicle Index) von McKinsey<\/u><\/a><\/li><li><a href=\"https:\/\/de.wikipedia.org\/wiki\/Norwegen\"><u>Wikipedia Eintrag Norwegen<\/u><\/a><\/li><li><a href=\"https:\/\/orf.at\/stories\/2431916\/\"><u>Waymo will 20.000 Jaguar I-Pace zu selbstfahrenden Taxis machen<\/u><\/a><\/li><\/ol>\n","protected":false},"excerpt":{"rendered":"<p>Nach dem letzten Beitrag \u00fcber den Hochmut der deutschen Autolobby berichte ich dieses Mal \u00fcber ein komplettes Gegenteil: Die mobilen Trends, die vor allem im fernen Osten entstehen und daher bei uns nicht so pr\u00e4sent sind. Elektrische Trends In den letzten Wochen wurden u.a. zwei Studien mit Zahlen rund um das Thema Elektromobilit\u00e4t ver\u00f6ffentlicht. Ich beziehe mich auf die Erhebungen des ZSW (Zentrum f\u00fcr Sonnenenergie- und Wasserstoff-Forschung Baden-W\u00fcrttemberg) (1) und auf den EVI (Electric Vehicle Index) von McKinsey (2). Laut ZSW ist der Bestand an Elektroautos bis Ende des Jahres 2017 weltweit auf 3,2 Millionen gestiegen. Im Reich der Mitte sind davon 1,2 Millionen unterwegs, gefolgt von den USA mit 750.000 und Japan mit 200.000 Einheiten. Auf Platz 4 liegt Norwegen mit der unglaublichen Zahl von 187.270 E-Fahrzeugen. Damit ist deren Bestand doppelt so hoch wie der von Deutschland (93.000 Fahrzeuge) &#8211; nur mit dem Unterschied, dass Norwegen etwas mehr als 5 Millionen Einwohner (3) hat. (1) Wer waren die gr\u00f6\u00dften Produzenten? Die chinesischen Hersteller BYD und SAIC konnten die meisten Neuzulassungen f\u00fcr sich verbuchen. Der erfolgreichste westliche Hersteller war wie auch im Vorjahr Tesla mit 86.700 Neuzulassungen, trotz der Verz\u00f6gerungen beim Modell 3. BMW hat es auf Platz 4 geschafft, gefolgt von VW auf Platz 5.(1) Wie sahen die Zahlen im Detail aus? Laut EVI wurde erstmals im Jahr 2017 die Millionenmarke bei den j\u00e4hrlichen Anmeldungen \u00fcberschritten. China sicherte sich unangefochten den Platz 1 mit \u00fcber 600.000 verkauften Einheiten und einem Plus von 72 % zum Vorjahr. Da es in China mittlerweile knapp 100 verschiedene E-Auto-Modelle gibt, ist der Zuwachs nicht verwunderlich. Auf Platz 2 folgte Europa mit 306.000 neuen E-Fahrzeugen (+39 %) und die USA (200.000 E-Autos, +27 %). (2) Man muss hier aber erw\u00e4hnen, dass beide Studien auch PlugIn-Hybride und Range Extender&nbsp;ber\u00fccksichtigen. Unter Range Extender versteht man meistens Verbrennungsmotoren, die batteriebetriebene Fahrzeuge unterst\u00fctzen. Beispielsweise schafft der i8 von BMW elektrisch betrieben circa 40 km, dank Range Extender geht es dann noch weiter.&nbsp;Elektromotoren, die mit einem Stecker am Stromnetz geladen werden k\u00f6nnen und den Verbrennungsmotor unterst\u00fctzen, nennt man PlugIn-Hybride. Sicherlich sind diese beiden Konzepte ein Schritt in die richtige Richtung. Aber \u00fcberdimensionierte SUVs mit einem E-Motor zus\u00e4tzlich auszustatten, hat wenig mit Innovation zu tun. In Europa war jedes zweite der neu zugelassenen E-Autos ein Plugin-Hybrid, daher ist die Euphorie \u00fcber die Zuwachszahlen mit Vorsicht zu genie\u00dfen. In Deutschland wurden 58.000 neue E-Autos zugelassen, damit hat sich die Zahl der Neuanmeldungen im Vergleich zu 2016 verdoppelt, sie liegt aber noch immer weit hinter dem ausgerufenen Ziel von 1 Million E-Fahrzeugen im Jahr 2020. L\u00e4ndervergleich Im L\u00e4ndervergleich der wichtigsten E-Autom\u00e4rkte bezogen auf die Einwohner ergibt sich folgendes, durchaus interessante, Bild: (2) Norwegen China Schweiz Schweden Niederlande USA Frankreich UK \u00d6sterreich Belgien S\u00fcdkorea Deutschland Japan Italien Indien Bei den Hersteller-Nationen liegt China klar voran, danach folgen Japan, Deutschland, USA, dahinter S\u00fcdkorea, Frankreich und Indien.(2) Ich frage mich jetzt, ob der derzeit hochgelobte Jaguar I-Pace unter \u201eIndien\u201c verbucht wird? Der Traditonshersteller wurde von Tata Motors \u00fcbernommen, daher ist die Ausrichtung auf Elektromobilit\u00e4t nicht weiter verwunderlich. Der neue \u201eCross-Over-SUV\u201c wird von Magna-Steyr in \u00d6sterreich gebaut und kann ab M\u00e4rz 2018 bereits bestellt werden. Der als \u201eTesla-Hunter\u201c titulierte Wagen gl\u00e4nzt \u00e4hnlich, wie das amerikanische Vorbild, mit hoher Beschleunigung und Komfort. Der Preis soll mit circa 80.000 Euro nicht ganz so hoch ausfallen. Die Garantien auf Batterie und Antriebsstrang sind vergleichbar, nur die Ladeinfrastruktur fehlt, was sicherlich eine etwas gr\u00f6\u00dfere Einstiegsh\u00fcrde bedeutet. Hier finden Sie ein sch\u00f6nes Video \u00fcber die Entwicklung des I Pace: Apropos I-Pace: Die Google Schwesterfirma Waywo (die mit dem Ei-Auto) k\u00fcndigte gestern an, 20.000 St\u00fcck der I-Pace in den Betrieb f\u00fcr selbstfahrende Taxis \u00fcbernehmen zu wollen. Erste Testfahrzeuge sollen im heurigen Jahr bereits in den USA fahren. (4) Trendkurve Sicherlich ist das oben vorgestellte Fahrzeug ein sch\u00f6ner Wagen, aber nur f\u00fcr einen kleinen Personenkreis oder im Dauerbetrieb wie bei Waymo erschwinglich. Der Durchbruch in der Massenmobilit\u00e4t wird \u00fcber kleinere und leistbare Fahrzeuge kommen. Ich pers\u00f6nlich freue mich daher auf die Auslieferung des neuen Nissan Leaf. Ab M\u00e4rz 2018 kommt die Neuauflage des meistverkauften Elektrofahrzeuges der Welt in den Handel. Mit einem Preis von rund 34.000 Euro ist dieses E-Auto zwar noch immer kein Schn\u00e4ppchen, er liegt aber im Bereich eines normalen Fahrzeugs. Au\u00dferdem finden Sie mit dieser Fahrzeuggr\u00f6\u00dfe auch noch leicht einen Parkplatz. Was meinen Sie? Wie geht es mit der Elektromobilit\u00e4t weiter? Ich freue mich auf Ihre Kommentare. Beste Gr\u00fc\u00dfe, Ihre Marlene Buchinger Quellen Zentrum f\u00fcr Sonnenenergie- und Wasserstoff-Forschung Baden-W\u00fcrttemberg EVI (Electric Vehicle Index) von McKinsey Wikipedia Eintrag Norwegen Waymo will 20.000 Jaguar I-Pace zu selbstfahrenden Taxis machen<\/p>\n","protected":false},"author":1,"featured_media":3465,"comment_status":"closed","ping_status":"closed","sticky":false,"template":"","format":"standard","meta":{"neve_meta_sidebar":"","neve_meta_container":"","neve_meta_enable_content_width":"","neve_meta_content_width":0,"neve_meta_title_alignment":"","neve_meta_author_avatar":"","neve_post_elements_order":"","neve_meta_disable_header":"","neve_meta_disable_footer":"","neve_meta_disable_title":"","footnotes":""},"categories":[185],"tags":[],"class_list":["post-188","post","type-post","status-publish","format-standard","has-post-thumbnail","hentry","category-mobilitaet"],"yoast_head":"<!-- This site is optimized with the Yoast SEO plugin v26.8 - https:\/\/yoast.com\/product\/yoast-seo-wordpress\/ -->\n<title>Trends im Automobilsektor - #RestartThinking<\/title>\n<meta name=\"description\" content=\"In China, ruht man sich auf dem Ruhm nicht aus, sondern arbeitet an st\u00e4ndig neuen Konzepten f\u00fcr E-Mobilit\u00e4t, im Gegensatz zu den deutschen Herstellern.\" \/>\n<meta name=\"robots\" content=\"index, follow, max-snippet:-1, max-image-preview:large, max-video-preview:-1\" \/>\n<link rel=\"canonical\" href=\"https:\/\/www.buchingerkuduz.com\/blog\/trends-im-automobilsektor\/\" \/>\n<meta property=\"og:locale\" content=\"de_DE\" \/>\n<meta property=\"og:type\" content=\"article\" \/>\n<meta property=\"og:title\" content=\"Trends im Automobilsektor - #RestartThinking\" \/>\n<meta property=\"og:description\" content=\"In China, ruht man sich auf dem Ruhm nicht aus, sondern arbeitet an st\u00e4ndig neuen Konzepten f\u00fcr E-Mobilit\u00e4t, im Gegensatz zu den deutschen Herstellern.\" \/>\n<meta property=\"og:url\" content=\"https:\/\/www.buchingerkuduz.com\/blog\/trends-im-automobilsektor\/\" \/>\n<meta property=\"og:site_name\" content=\"#RestartThinking\" \/>\n<meta property=\"article:published_time\" content=\"2018-03-28T07:30:18+00:00\" \/>\n<meta property=\"article:modified_time\" content=\"2022-03-24T20:14:31+00:00\" \/>\n<meta property=\"og:image\" content=\"https:\/\/www.buchingerkuduz.com\/blog\/wp-content\/uploads\/2022\/03\/RestartThinking-Blog_Trends-im-Automobilsektor.jpg\" \/>\n\t<meta property=\"og:image:width\" content=\"730\" \/>\n\t<meta property=\"og:image:height\" content=\"420\" \/>\n\t<meta property=\"og:image:type\" content=\"image\/jpeg\" \/>\n<meta name=\"author\" content=\"RestartThinking\" \/>\n<meta name=\"twitter:card\" content=\"summary_large_image\" \/>\n<meta name=\"twitter:label1\" content=\"Verfasst von\" \/>\n\t<meta name=\"twitter:data1\" content=\"RestartThinking\" \/>\n\t<meta name=\"twitter:label2\" content=\"Gesch\u00e4tzte Lesezeit\" \/>\n\t<meta name=\"twitter:data2\" content=\"5\u00a0Minuten\" \/>\n<script type=\"application\/ld+json\" class=\"yoast-schema-graph\">{\"@context\":\"https:\/\/schema.org\",\"@graph\":[{\"@type\":\"Article\",\"@id\":\"https:\/\/www.buchingerkuduz.com\/blog\/trends-im-automobilsektor\/#article\",\"isPartOf\":{\"@id\":\"https:\/\/www.buchingerkuduz.com\/blog\/trends-im-automobilsektor\/\"},\"author\":{\"name\":\"RestartThinking\",\"@id\":\"https:\/\/www.buchingerkuduz.com\/blog\/#\/schema\/person\/89b9c30cecbcd2f411a145fac4d350d3\"},\"headline\":\"Trends im Automobilsektor\",\"datePublished\":\"2018-03-28T07:30:18+00:00\",\"dateModified\":\"2022-03-24T20:14:31+00:00\",\"mainEntityOfPage\":{\"@id\":\"https:\/\/www.buchingerkuduz.com\/blog\/trends-im-automobilsektor\/\"},\"wordCount\":764,\"publisher\":{\"@id\":\"https:\/\/www.buchingerkuduz.com\/blog\/#organization\"},\"image\":{\"@id\":\"https:\/\/www.buchingerkuduz.com\/blog\/trends-im-automobilsektor\/#primaryimage\"},\"thumbnailUrl\":\"https:\/\/www.buchingerkuduz.com\/blog\/wp-content\/uploads\/2022\/03\/RestartThinking-Blog_Trends-im-Automobilsektor.jpg\",\"articleSection\":[\"Mobilit\u00e4tswende\"],\"inLanguage\":\"de\"},{\"@type\":\"WebPage\",\"@id\":\"https:\/\/www.buchingerkuduz.com\/blog\/trends-im-automobilsektor\/\",\"url\":\"https:\/\/www.buchingerkuduz.com\/blog\/trends-im-automobilsektor\/\",\"name\":\"Trends im Automobilsektor - #RestartThinking\",\"isPartOf\":{\"@id\":\"https:\/\/www.buchingerkuduz.com\/blog\/#website\"},\"primaryImageOfPage\":{\"@id\":\"https:\/\/www.buchingerkuduz.com\/blog\/trends-im-automobilsektor\/#primaryimage\"},\"image\":{\"@id\":\"https:\/\/www.buchingerkuduz.com\/blog\/trends-im-automobilsektor\/#primaryimage\"},\"thumbnailUrl\":\"https:\/\/www.buchingerkuduz.com\/blog\/wp-content\/uploads\/2022\/03\/RestartThinking-Blog_Trends-im-Automobilsektor.jpg\",\"datePublished\":\"2018-03-28T07:30:18+00:00\",\"dateModified\":\"2022-03-24T20:14:31+00:00\",\"description\":\"In China, ruht man sich auf dem Ruhm nicht aus, sondern arbeitet an st\u00e4ndig neuen Konzepten f\u00fcr E-Mobilit\u00e4t, im Gegensatz zu den deutschen Herstellern.\",\"breadcrumb\":{\"@id\":\"https:\/\/www.buchingerkuduz.com\/blog\/trends-im-automobilsektor\/#breadcrumb\"},\"inLanguage\":\"de\",\"potentialAction\":[{\"@type\":\"ReadAction\",\"target\":[\"https:\/\/www.buchingerkuduz.com\/blog\/trends-im-automobilsektor\/\"]}]},{\"@type\":\"ImageObject\",\"inLanguage\":\"de\",\"@id\":\"https:\/\/www.buchingerkuduz.com\/blog\/trends-im-automobilsektor\/#primaryimage\",\"url\":\"https:\/\/www.buchingerkuduz.com\/blog\/wp-content\/uploads\/2022\/03\/RestartThinking-Blog_Trends-im-Automobilsektor.jpg\",\"contentUrl\":\"https:\/\/www.buchingerkuduz.com\/blog\/wp-content\/uploads\/2022\/03\/RestartThinking-Blog_Trends-im-Automobilsektor.jpg\",\"width\":730,\"height\":420,\"caption\":\"Welche Trends gibt es im Automobilsektor?\"},{\"@type\":\"BreadcrumbList\",\"@id\":\"https:\/\/www.buchingerkuduz.com\/blog\/trends-im-automobilsektor\/#breadcrumb\",\"itemListElement\":[{\"@type\":\"ListItem\",\"position\":1,\"name\":\"Startseite\",\"item\":\"https:\/\/www.buchingerkuduz.com\/blog\/\"},{\"@type\":\"ListItem\",\"position\":2,\"name\":\"Trends im Automobilsektor\"}]},{\"@type\":\"WebSite\",\"@id\":\"https:\/\/www.buchingerkuduz.com\/blog\/#website\",\"url\":\"https:\/\/www.buchingerkuduz.com\/blog\/\",\"name\":\"Restart Thinking\",\"description\":\"Ver\u00e4nderung. Denken. K\u00f6nnen.\",\"publisher\":{\"@id\":\"https:\/\/www.buchingerkuduz.com\/blog\/#organization\"},\"potentialAction\":[{\"@type\":\"SearchAction\",\"target\":{\"@type\":\"EntryPoint\",\"urlTemplate\":\"https:\/\/www.buchingerkuduz.com\/blog\/?s={search_term_string}\"},\"query-input\":{\"@type\":\"PropertyValueSpecification\",\"valueRequired\":true,\"valueName\":\"search_term_string\"}}],\"inLanguage\":\"de\"},{\"@type\":\"Organization\",\"@id\":\"https:\/\/www.buchingerkuduz.com\/blog\/#organization\",\"name\":\"Buchinger|Kuduz Dr. Mario Buchinger\",\"url\":\"https:\/\/www.buchingerkuduz.com\/blog\/\",\"logo\":{\"@type\":\"ImageObject\",\"inLanguage\":\"de\",\"@id\":\"https:\/\/www.buchingerkuduz.com\/blog\/#\/schema\/logo\/image\/\",\"url\":\"https:\/\/www.buchingerkuduz.com\/blog\/wp-content\/uploads\/2022\/03\/Logo_RestartThinking_pict_klein.png\",\"contentUrl\":\"https:\/\/www.buchingerkuduz.com\/blog\/wp-content\/uploads\/2022\/03\/Logo_RestartThinking_pict_klein.png\",\"width\":107,\"height\":80,\"caption\":\"Buchinger|Kuduz Dr. Mario Buchinger\"},\"image\":{\"@id\":\"https:\/\/www.buchingerkuduz.com\/blog\/#\/schema\/logo\/image\/\"},\"sameAs\":[\"https:\/\/www.linkedin.com\/company\/buchinger-kuduz\",\"https:\/\/www.youtube.com\/channel\/UCIm38XbFgUFykYVQXPSpxTw\/feed\"]},{\"@type\":\"Person\",\"@id\":\"https:\/\/www.buchingerkuduz.com\/blog\/#\/schema\/person\/89b9c30cecbcd2f411a145fac4d350d3\",\"name\":\"RestartThinking\",\"image\":{\"@type\":\"ImageObject\",\"inLanguage\":\"de\",\"@id\":\"https:\/\/www.buchingerkuduz.com\/blog\/#\/schema\/person\/image\/\",\"url\":\"https:\/\/secure.gravatar.com\/avatar\/f61ba9a6dd9e21e7c9e19e340960e47b?s=96&d=mm&r=g\",\"contentUrl\":\"https:\/\/secure.gravatar.com\/avatar\/f61ba9a6dd9e21e7c9e19e340960e47b?s=96&d=mm&r=g\",\"caption\":\"RestartThinking\"}}]}<\/script>\n<!-- \/ Yoast SEO plugin. -->","yoast_head_json":{"title":"Trends im Automobilsektor - #RestartThinking","description":"In China, ruht man sich auf dem Ruhm nicht aus, sondern arbeitet an st\u00e4ndig neuen Konzepten f\u00fcr E-Mobilit\u00e4t, im Gegensatz zu den deutschen Herstellern.","robots":{"index":"index","follow":"follow","max-snippet":"max-snippet:-1","max-image-preview":"max-image-preview:large","max-video-preview":"max-video-preview:-1"},"canonical":"https:\/\/www.buchingerkuduz.com\/blog\/trends-im-automobilsektor\/","og_locale":"de_DE","og_type":"article","og_title":"Trends im Automobilsektor - #RestartThinking","og_description":"In China, ruht man sich auf dem Ruhm nicht aus, sondern arbeitet an st\u00e4ndig neuen Konzepten f\u00fcr E-Mobilit\u00e4t, im Gegensatz zu den deutschen Herstellern.","og_url":"https:\/\/www.buchingerkuduz.com\/blog\/trends-im-automobilsektor\/","og_site_name":"#RestartThinking","article_published_time":"2018-03-28T07:30:18+00:00","article_modified_time":"2022-03-24T20:14:31+00:00","og_image":[{"width":730,"height":420,"url":"https:\/\/www.buchingerkuduz.com\/blog\/wp-content\/uploads\/2022\/03\/RestartThinking-Blog_Trends-im-Automobilsektor.jpg","type":"image\/jpeg"}],"author":"RestartThinking","twitter_card":"summary_large_image","twitter_misc":{"Verfasst von":"RestartThinking","Gesch\u00e4tzte Lesezeit":"5\u00a0Minuten"},"schema":{"@context":"https:\/\/schema.org","@graph":[{"@type":"Article","@id":"https:\/\/www.buchingerkuduz.com\/blog\/trends-im-automobilsektor\/#article","isPartOf":{"@id":"https:\/\/www.buchingerkuduz.com\/blog\/trends-im-automobilsektor\/"},"author":{"name":"RestartThinking","@id":"https:\/\/www.buchingerkuduz.com\/blog\/#\/schema\/person\/89b9c30cecbcd2f411a145fac4d350d3"},"headline":"Trends im Automobilsektor","datePublished":"2018-03-28T07:30:18+00:00","dateModified":"2022-03-24T20:14:31+00:00","mainEntityOfPage":{"@id":"https:\/\/www.buchingerkuduz.com\/blog\/trends-im-automobilsektor\/"},"wordCount":764,"publisher":{"@id":"https:\/\/www.buchingerkuduz.com\/blog\/#organization"},"image":{"@id":"https:\/\/www.buchingerkuduz.com\/blog\/trends-im-automobilsektor\/#primaryimage"},"thumbnailUrl":"https:\/\/www.buchingerkuduz.com\/blog\/wp-content\/uploads\/2022\/03\/RestartThinking-Blog_Trends-im-Automobilsektor.jpg","articleSection":["Mobilit\u00e4tswende"],"inLanguage":"de"},{"@type":"WebPage","@id":"https:\/\/www.buchingerkuduz.com\/blog\/trends-im-automobilsektor\/","url":"https:\/\/www.buchingerkuduz.com\/blog\/trends-im-automobilsektor\/","name":"Trends im Automobilsektor - #RestartThinking","isPartOf":{"@id":"https:\/\/www.buchingerkuduz.com\/blog\/#website"},"primaryImageOfPage":{"@id":"https:\/\/www.buchingerkuduz.com\/blog\/trends-im-automobilsektor\/#primaryimage"},"image":{"@id":"https:\/\/www.buchingerkuduz.com\/blog\/trends-im-automobilsektor\/#primaryimage"},"thumbnailUrl":"https:\/\/www.buchingerkuduz.com\/blog\/wp-content\/uploads\/2022\/03\/RestartThinking-Blog_Trends-im-Automobilsektor.jpg","datePublished":"2018-03-28T07:30:18+00:00","dateModified":"2022-03-24T20:14:31+00:00","description":"In China, ruht man sich auf dem Ruhm nicht aus, sondern arbeitet an st\u00e4ndig neuen Konzepten f\u00fcr E-Mobilit\u00e4t, im Gegensatz zu den deutschen Herstellern.","breadcrumb":{"@id":"https:\/\/www.buchingerkuduz.com\/blog\/trends-im-automobilsektor\/#breadcrumb"},"inLanguage":"de","potentialAction":[{"@type":"ReadAction","target":["https:\/\/www.buchingerkuduz.com\/blog\/trends-im-automobilsektor\/"]}]},{"@type":"ImageObject","inLanguage":"de","@id":"https:\/\/www.buchingerkuduz.com\/blog\/trends-im-automobilsektor\/#primaryimage","url":"https:\/\/www.buchingerkuduz.com\/blog\/wp-content\/uploads\/2022\/03\/RestartThinking-Blog_Trends-im-Automobilsektor.jpg","contentUrl":"https:\/\/www.buchingerkuduz.com\/blog\/wp-content\/uploads\/2022\/03\/RestartThinking-Blog_Trends-im-Automobilsektor.jpg","width":730,"height":420,"caption":"Welche Trends gibt es im Automobilsektor?"},{"@type":"BreadcrumbList","@id":"https:\/\/www.buchingerkuduz.com\/blog\/trends-im-automobilsektor\/#breadcrumb","itemListElement":[{"@type":"ListItem","position":1,"name":"Startseite","item":"https:\/\/www.buchingerkuduz.com\/blog\/"},{"@type":"ListItem","position":2,"name":"Trends im Automobilsektor"}]},{"@type":"WebSite","@id":"https:\/\/www.buchingerkuduz.com\/blog\/#website","url":"https:\/\/www.buchingerkuduz.com\/blog\/","name":"Restart Thinking","description":"Ver\u00e4nderung. Denken. K\u00f6nnen.","publisher":{"@id":"https:\/\/www.buchingerkuduz.com\/blog\/#organization"},"potentialAction":[{"@type":"SearchAction","target":{"@type":"EntryPoint","urlTemplate":"https:\/\/www.buchingerkuduz.com\/blog\/?s={search_term_string}"},"query-input":{"@type":"PropertyValueSpecification","valueRequired":true,"valueName":"search_term_string"}}],"inLanguage":"de"},{"@type":"Organization","@id":"https:\/\/www.buchingerkuduz.com\/blog\/#organization","name":"Buchinger|Kuduz Dr. Mario Buchinger","url":"https:\/\/www.buchingerkuduz.com\/blog\/","logo":{"@type":"ImageObject","inLanguage":"de","@id":"https:\/\/www.buchingerkuduz.com\/blog\/#\/schema\/logo\/image\/","url":"https:\/\/www.buchingerkuduz.com\/blog\/wp-content\/uploads\/2022\/03\/Logo_RestartThinking_pict_klein.png","contentUrl":"https:\/\/www.buchingerkuduz.com\/blog\/wp-content\/uploads\/2022\/03\/Logo_RestartThinking_pict_klein.png","width":107,"height":80,"caption":"Buchinger|Kuduz Dr. Mario Buchinger"},"image":{"@id":"https:\/\/www.buchingerkuduz.com\/blog\/#\/schema\/logo\/image\/"},"sameAs":["https:\/\/www.linkedin.com\/company\/buchinger-kuduz","https:\/\/www.youtube.com\/channel\/UCIm38XbFgUFykYVQXPSpxTw\/feed"]},{"@type":"Person","@id":"https:\/\/www.buchingerkuduz.com\/blog\/#\/schema\/person\/89b9c30cecbcd2f411a145fac4d350d3","name":"RestartThinking","image":{"@type":"ImageObject","inLanguage":"de","@id":"https:\/\/www.buchingerkuduz.com\/blog\/#\/schema\/person\/image\/","url":"https:\/\/secure.gravatar.com\/avatar\/f61ba9a6dd9e21e7c9e19e340960e47b?s=96&d=mm&r=g","contentUrl":"https:\/\/secure.gravatar.com\/avatar\/f61ba9a6dd9e21e7c9e19e340960e47b?s=96&d=mm&r=g","caption":"RestartThinking"}}]}},"_links":{"self":[{"href":"https:\/\/www.buchingerkuduz.com\/blog\/wp-json\/wp\/v2\/posts\/188","targetHints":{"allow":["GET"]}}],"collection":[{"href":"https:\/\/www.buchingerkuduz.com\/blog\/wp-json\/wp\/v2\/posts"}],"about":[{"href":"https:\/\/www.buchingerkuduz.com\/blog\/wp-json\/wp\/v2\/types\/post"}],"author":[{"embeddable":true,"href":"https:\/\/www.buchingerkuduz.com\/blog\/wp-json\/wp\/v2\/users\/1"}],"replies":[{"embeddable":true,"href":"https:\/\/www.buchingerkuduz.com\/blog\/wp-json\/wp\/v2\/comments?post=188"}],"version-history":[{"count":0,"href":"https:\/\/www.buchingerkuduz.com\/blog\/wp-json\/wp\/v2\/posts\/188\/revisions"}],"wp:featuredmedia":[{"embeddable":true,"href":"https:\/\/www.buchingerkuduz.com\/blog\/wp-json\/wp\/v2\/media\/3465"}],"wp:attachment":[{"href":"https:\/\/www.buchingerkuduz.com\/blog\/wp-json\/wp\/v2\/media?parent=188"}],"wp:term":[{"taxonomy":"category","embeddable":true,"href":"https:\/\/www.buchingerkuduz.com\/blog\/wp-json\/wp\/v2\/categories?post=188"},{"taxonomy":"post_tag","embeddable":true,"href":"https:\/\/www.buchingerkuduz.com\/blog\/wp-json\/wp\/v2\/tags?post=188"}],"curies":[{"name":"wp","href":"https:\/\/api.w.org\/{rel}","templated":true}]}}