{"id":192,"date":"2018-05-08T07:00:54","date_gmt":"2018-05-08T05:00:54","guid":{"rendered":"https:\/\/www.buchingerkuduz.com\/blog\/?p=192"},"modified":"2022-03-24T20:55:16","modified_gmt":"2022-03-24T19:55:16","slug":"neue-mobilitaet-ideen-fuer-die-zukunft","status":"publish","type":"post","link":"https:\/\/www.buchingerkuduz.com\/blog\/neue-mobilitaet-ideen-fuer-die-zukunft\/","title":{"rendered":"Neue Mobilit\u00e4t &#8211; Ideen f\u00fcr die Zukunft"},"content":{"rendered":"<p align=\"justify\">Dieses Mal m\u00f6chte ich Ihnen ein spannendes Projekt zum Thema neue Mobilit\u00e4t vorstellen. Wir haben in unserem Blog schon \u00f6fters postuliert, dass die <a href=\"https:\/\/www.buchingerkuduz.com\/blog\/fahrverbot-fuer-diesel-und-gratis-nahverkehr\/\"><u>Individualmobilit\u00e4t kein Konzept der Zukunft<\/u><\/a> sein wird. Dazu stehen wir nach wie vor.<\/p>\n<p align=\"justify\">Man muss aber \u2013 besonders in l\u00e4ndlichen Gebieten \u2013 davon ausgehen, dass der Autobesitz in den n\u00e4chsten Jahren noch ein g\u00e4ngiges Modell bleiben wird. Daher stellt sich die Frage, wie kann man Individualmobilit\u00e4t besser gestalten? Wie k\u00f6nnen Mitfahrzentralen im l\u00e4ndlichen Raum aussehen?<\/p>\n<p align=\"justify\">Es gibt bereits diverse Onlineplattformen f\u00fcr Fahrer und Mitfahrer, die aber haupts\u00e4chlich auf l\u00e4ngere Strecken und zwischen gr\u00f6\u00dferen St\u00e4dten ausgelegt sind. Mehr dazu finden Sie im Anschluss an diesen Beitrag.<\/p>\n<h2>Neue Mobilit\u00e4t<\/h2>\n<p align=\"justify\">Doch wie sieht es mit kurzen Strecken aus? Da wird es schon schwieriger. Deshalb m\u00f6chte ich Ihnen heute das Projekt <strong>der Mobilit\u00e4terInnen<\/strong> vorstellen.<\/p>\n<p align=\"justify\">Es handelt sich dabei um eine Initiative von TirolerInnen, unter der Leitung der K\u00fcnstlerin Carmen Brucic. Sie haben sich zusammen getan um in ihrer Umgebung etwas zu ver\u00e4ndern. Die Gruppe ist von der l\u00e4ndlichen Tradition NachbarInnen mitzunehmen oder bei jemandem mitzufahren ausgegangen.<\/p>\n<p align=\"justify\">Einerseits gibt es viele Dorfbewohnerinnen und Dorfbewohner, die t\u00e4glich mit ihren Autos zum Einkaufen, in die Arbeit, zu Freunden oder zum Sport fahren. Andererseits gibt es auch \u00c4ltere oder junge Menschen, Gefl\u00fcchtete oder Menschen mit niedrigem Einkommen, die im l\u00e4ndlichen Raum leben und oft keine Autos haben. Au\u00dferdem f\u00e4hrt der \u00f6ffentliche Verkehr vielerorts nur sehr selten. An all das kn\u00fcpfen die Mobilit\u00e4terInnen an.<\/p>\n<p align=\"justify\">Weitere Informationen \u00fcber den Sinn und Zweck der Initiative:<\/p>\n<p align=\"justify\"><em>Es kostet kaum Zeit und kein Geld, auf diesen Strecken jemand anderen mitzunehmen. Viele Menschen m\u00f6chten gerne helfen, wissen aber nicht genau wie. Bei diesem Projekt ist es einfach: Man macht seine Autot\u00fcr auf und nimmt jemanden f\u00fcr eine kurze Zeitspanne ein St\u00fcck des Weges mit.<\/em><\/p>\n<p><em><strong>Durch das Netzwerk der Mobilit\u00e4terInnen gewinnen beide Seiten:<\/strong><br>\u2022 Gemeinsam anpacken und konkrete Ver\u00e4nderung schaffen<br>\u2022 Offenheit gegen\u00fcber \u201eFremden\u201c<br>\u2022 Neue Bekanntschaften und Freundschaften<br>\u2022 Gemeinsamkeiten und Potentiale entdecken<br>\u2022 Mehr Mobilit\u00e4t f\u00fcr Gefl\u00fcchtete, PensionistInnen, Mitb\u00fcrgerInnen ohne F\u00fchrerschein oder PKW<br>\u2022 Weniger Isolation<br>\u2022 Begegnung und interkultureller Austausch<br>\u2022 Umweltschutz und bessere Nutzung von Ressourcen durch Fahrgemeinschaften<br>\u2022 Vorbild f\u00fcr andere D\u00f6rfer<br>\u2022 Helfen und nicht nur dar\u00fcber reden<\/em><\/p>\n<p align=\"justify\">Die Initiative ist im <strong>Jahr 2017 in zwei Gemeinden gestartet<\/strong>. Das Herzst\u00fcck sind die orangen Mitfahrb\u00e4nke, die in den Partnergemeinden (Oberperfuss und Reith bei Seefeld) und in Innsbruck (Olympiastra\u00dfe) an zentralen Stellen stehen. Jede und jeder, der in die Stadt und zur\u00fcck muss, kann die <strong>Bank nutzen und signalisiert, dass sie oder er mitfahren m\u00f6chte<\/strong>.<\/p>\n<p align=\"justify\">Au\u00dferdem gibt es <strong>&#8222;mobile&#8220; Haltestellen<\/strong>, denn manche Fahrg\u00e4ste tragen orange Regenschirme oder orange Stoffbeutel als Erkennungszeichen. So sehen die FahrerInnen auf einen Blick, wenn jemand mitgenommen werden m\u00f6chte.<\/p>\n<h3 style=\"text-align: center;\"><strong>Wir finden diese Initiative super! <\/strong><\/h3>\n<p align=\"justify\">Und nicht nur wir. Die Mobilit\u00e4terInnen wurden auch bereits <strong>mehrfach ausgezeichnet<\/strong>. Derzeit wird das Netzwerk in Tirol ausgeweitet und wir hoffen, dass die Initiative schnell vorankommt<\/p>\n<p align=\"justify\">Was halten Sie davon? Fahren Sie bereits in Fahrgemeinschaften oder k\u00f6nnten Sie sich eine Mitfahrbank in Ihrem Ort vorstellen? Ich freue mich auf Ihre Kommentare!<\/p>\n<p>Beste Gr\u00fc\u00dfe,<br>Ihre Marlene Buchinger<\/p>\n<h2>Weiterf\u00fchrende Links:<\/h2>\n<p><a href=\"https:\/\/www.vergleich.org\/mitfahrzentrale\/\" target=\"_blank\" rel=\"noopener noreferrer\"><u><strong>Vergleich von Mitfahrplattformen in Deutschland<\/strong><\/u><\/a><\/p>\n<p><strong>Mitfahr-Plattformen aus \u00d6sterreich<\/strong> (die Reihung ist zuf\u00e4llig):<\/p>\n<ol>\n<li><u>Karzoo &#8211; Link ist nicht mehr verf\u00fcgbar<\/u><\/li>\n<li><u>Mitfahrangebot &#8211; Link ist nicht mehr aktuell<\/u><\/li>\n<li><a href=\"https:\/\/www.mitfahrboerse.st\" target=\"_blank\" rel=\"noopener noreferrer\"><u>Steirische Pendler Initiative<\/u><\/a><\/li>\n<li><a href=\"https:\/\/foahstmit.at\" target=\"_blank\" rel=\"noopener noreferrer\"><u>Foahstmit<\/u><\/a><\/li>\n<li><u>Pendlerclub <\/u><u>Burgenland &#8211; Link ist nicht mehr aktuell<\/u><\/li>\n<li><u>Fahrgemeinsam &#8211; Link ist nicht mehr aktuell<\/u><\/li>\n<\/ol>\n\n\n<p><\/p>\n","protected":false},"excerpt":{"rendered":"<p>Dieses Mal m\u00f6chte ich Ihnen ein spannendes Projekt zum Thema neue Mobilit\u00e4t vorstellen. Wir haben in unserem Blog schon \u00f6fters postuliert, dass die Individualmobilit\u00e4t kein Konzept der Zukunft sein wird. Dazu stehen wir nach wie vor. Man muss aber \u2013 besonders in l\u00e4ndlichen Gebieten \u2013 davon ausgehen, dass der Autobesitz in den n\u00e4chsten Jahren noch ein g\u00e4ngiges Modell bleiben wird. Daher stellt sich die Frage, wie kann man Individualmobilit\u00e4t besser gestalten? Wie k\u00f6nnen Mitfahrzentralen im l\u00e4ndlichen Raum aussehen? Es gibt bereits diverse Onlineplattformen f\u00fcr Fahrer und Mitfahrer, die aber haupts\u00e4chlich auf l\u00e4ngere Strecken und zwischen gr\u00f6\u00dferen St\u00e4dten ausgelegt sind. Mehr dazu finden Sie im Anschluss an diesen Beitrag. Neue Mobilit\u00e4t Doch wie sieht es mit kurzen Strecken aus? Da wird es schon schwieriger. Deshalb m\u00f6chte ich Ihnen heute das Projekt der Mobilit\u00e4terInnen vorstellen. Es handelt sich dabei um eine Initiative von TirolerInnen, unter der Leitung der K\u00fcnstlerin Carmen Brucic. Sie haben sich zusammen getan um in ihrer Umgebung etwas zu ver\u00e4ndern. Die Gruppe ist von der l\u00e4ndlichen Tradition NachbarInnen mitzunehmen oder bei jemandem mitzufahren ausgegangen. Einerseits gibt es viele Dorfbewohnerinnen und Dorfbewohner, die t\u00e4glich mit ihren Autos zum Einkaufen, in die Arbeit, zu Freunden oder zum Sport fahren. Andererseits gibt es auch \u00c4ltere oder junge Menschen, Gefl\u00fcchtete oder Menschen mit niedrigem Einkommen, die im l\u00e4ndlichen Raum leben und oft keine Autos haben. Au\u00dferdem f\u00e4hrt der \u00f6ffentliche Verkehr vielerorts nur sehr selten. An all das kn\u00fcpfen die Mobilit\u00e4terInnen an. Weitere Informationen \u00fcber den Sinn und Zweck der Initiative: Es kostet kaum Zeit und kein Geld, auf diesen Strecken jemand anderen mitzunehmen. Viele Menschen m\u00f6chten gerne helfen, wissen aber nicht genau wie. Bei diesem Projekt ist es einfach: Man macht seine Autot\u00fcr auf und nimmt jemanden f\u00fcr eine kurze Zeitspanne ein St\u00fcck des Weges mit. Durch das Netzwerk der Mobilit\u00e4terInnen gewinnen beide Seiten:\u2022 Gemeinsam anpacken und konkrete Ver\u00e4nderung schaffen\u2022 Offenheit gegen\u00fcber \u201eFremden\u201c\u2022 Neue Bekanntschaften und Freundschaften\u2022 Gemeinsamkeiten und Potentiale entdecken\u2022 Mehr Mobilit\u00e4t f\u00fcr Gefl\u00fcchtete, PensionistInnen, Mitb\u00fcrgerInnen ohne F\u00fchrerschein oder PKW\u2022 Weniger Isolation\u2022 Begegnung und interkultureller Austausch\u2022 Umweltschutz und bessere Nutzung von Ressourcen durch Fahrgemeinschaften\u2022 Vorbild f\u00fcr andere D\u00f6rfer\u2022 Helfen und nicht nur dar\u00fcber reden Die Initiative ist im Jahr 2017 in zwei Gemeinden gestartet. Das Herzst\u00fcck sind die orangen Mitfahrb\u00e4nke, die in den Partnergemeinden (Oberperfuss und Reith bei Seefeld) und in Innsbruck (Olympiastra\u00dfe) an zentralen Stellen stehen. Jede und jeder, der in die Stadt und zur\u00fcck muss, kann die Bank nutzen und signalisiert, dass sie oder er mitfahren m\u00f6chte. Au\u00dferdem gibt es &#8222;mobile&#8220; Haltestellen, denn manche Fahrg\u00e4ste tragen orange Regenschirme oder orange Stoffbeutel als Erkennungszeichen. So sehen die FahrerInnen auf einen Blick, wenn jemand mitgenommen werden m\u00f6chte. Wir finden diese Initiative super! Und nicht nur wir. Die Mobilit\u00e4terInnen wurden auch bereits mehrfach ausgezeichnet. Derzeit wird das Netzwerk in Tirol ausgeweitet und wir hoffen, dass die Initiative schnell vorankommt Was halten Sie davon? Fahren Sie bereits in Fahrgemeinschaften oder k\u00f6nnten Sie sich eine Mitfahrbank in Ihrem Ort vorstellen? Ich freue mich auf Ihre Kommentare! Beste Gr\u00fc\u00dfe,Ihre Marlene Buchinger Weiterf\u00fchrende Links: Vergleich von Mitfahrplattformen in Deutschland Mitfahr-Plattformen aus \u00d6sterreich (die Reihung ist zuf\u00e4llig): Karzoo &#8211; Link ist nicht mehr verf\u00fcgbar Mitfahrangebot &#8211; Link ist nicht mehr aktuell Steirische Pendler Initiative Foahstmit Pendlerclub Burgenland &#8211; Link ist nicht mehr aktuell Fahrgemeinsam &#8211; Link ist nicht mehr aktuell<\/p>\n","protected":false},"author":1,"featured_media":3457,"comment_status":"closed","ping_status":"open","sticky":false,"template":"","format":"standard","meta":{"neve_meta_sidebar":"","neve_meta_container":"","neve_meta_enable_content_width":"","neve_meta_content_width":0,"neve_meta_title_alignment":"","neve_meta_author_avatar":"","neve_post_elements_order":"","neve_meta_disable_header":"","neve_meta_disable_footer":"","neve_meta_disable_title":"","footnotes":""},"categories":[185],"tags":[],"class_list":["post-192","post","type-post","status-publish","format-standard","has-post-thumbnail","hentry","category-mobilitaet"],"yoast_head":"<!-- This site is optimized with the Yoast SEO plugin v26.8 - https:\/\/yoast.com\/product\/yoast-seo-wordpress\/ -->\n<title>Neue Mobilit\u00e4t - Ideen f\u00fcr die Zukunft des mobilen Lebens<\/title>\n<meta name=\"description\" content=\"Mobilit\u00e4t in l\u00e4ndlichen R\u00e4umen wird sich nicht so schnell wandeln wie in urbanen R\u00e4umen. Dennoch gibt es schon heute viele Ideen, Mobilit\u00e4t neu zu denken.\" \/>\n<meta name=\"robots\" content=\"index, follow, max-snippet:-1, max-image-preview:large, max-video-preview:-1\" \/>\n<link rel=\"canonical\" href=\"https:\/\/www.buchingerkuduz.com\/blog\/neue-mobilitaet-ideen-fuer-die-zukunft\/\" \/>\n<meta property=\"og:locale\" content=\"de_DE\" \/>\n<meta property=\"og:type\" content=\"article\" \/>\n<meta property=\"og:title\" content=\"Neue Mobilit\u00e4t - Ideen f\u00fcr die Zukunft des mobilen Lebens\" \/>\n<meta property=\"og:description\" content=\"Mobilit\u00e4t in l\u00e4ndlichen R\u00e4umen wird sich nicht so schnell wandeln wie in urbanen R\u00e4umen. Dennoch gibt es schon heute viele Ideen, Mobilit\u00e4t neu zu denken.\" \/>\n<meta property=\"og:url\" content=\"https:\/\/www.buchingerkuduz.com\/blog\/neue-mobilitaet-ideen-fuer-die-zukunft\/\" \/>\n<meta property=\"og:site_name\" content=\"#RestartThinking\" \/>\n<meta property=\"article:published_time\" content=\"2018-05-08T05:00:54+00:00\" \/>\n<meta property=\"article:modified_time\" content=\"2022-03-24T19:55:16+00:00\" \/>\n<meta property=\"og:image\" content=\"https:\/\/www.buchingerkuduz.com\/blog\/wp-content\/uploads\/2022\/03\/RestartThinking-Blog_Neue-Ideen-fuer-mobile-Zukunft.jpg\" \/>\n\t<meta property=\"og:image:width\" content=\"730\" \/>\n\t<meta property=\"og:image:height\" content=\"420\" \/>\n\t<meta property=\"og:image:type\" content=\"image\/jpeg\" \/>\n<meta name=\"author\" content=\"RestartThinking\" \/>\n<meta name=\"twitter:card\" content=\"summary_large_image\" \/>\n<meta name=\"twitter:label1\" content=\"Verfasst von\" \/>\n\t<meta name=\"twitter:data1\" content=\"RestartThinking\" \/>\n\t<meta name=\"twitter:label2\" content=\"Gesch\u00e4tzte Lesezeit\" \/>\n\t<meta name=\"twitter:data2\" content=\"4\u00a0Minuten\" \/>\n<script type=\"application\/ld+json\" class=\"yoast-schema-graph\">{\"@context\":\"https:\/\/schema.org\",\"@graph\":[{\"@type\":\"Article\",\"@id\":\"https:\/\/www.buchingerkuduz.com\/blog\/neue-mobilitaet-ideen-fuer-die-zukunft\/#article\",\"isPartOf\":{\"@id\":\"https:\/\/www.buchingerkuduz.com\/blog\/neue-mobilitaet-ideen-fuer-die-zukunft\/\"},\"author\":{\"name\":\"RestartThinking\",\"@id\":\"https:\/\/www.buchingerkuduz.com\/blog\/#\/schema\/person\/89b9c30cecbcd2f411a145fac4d350d3\"},\"headline\":\"Neue Mobilit\u00e4t &#8211; Ideen f\u00fcr die Zukunft\",\"datePublished\":\"2018-05-08T05:00:54+00:00\",\"dateModified\":\"2022-03-24T19:55:16+00:00\",\"mainEntityOfPage\":{\"@id\":\"https:\/\/www.buchingerkuduz.com\/blog\/neue-mobilitaet-ideen-fuer-die-zukunft\/\"},\"wordCount\":605,\"publisher\":{\"@id\":\"https:\/\/www.buchingerkuduz.com\/blog\/#organization\"},\"image\":{\"@id\":\"https:\/\/www.buchingerkuduz.com\/blog\/neue-mobilitaet-ideen-fuer-die-zukunft\/#primaryimage\"},\"thumbnailUrl\":\"https:\/\/www.buchingerkuduz.com\/blog\/wp-content\/uploads\/2022\/03\/RestartThinking-Blog_Neue-Ideen-fuer-mobile-Zukunft.jpg\",\"articleSection\":[\"Mobilit\u00e4tswende\"],\"inLanguage\":\"de\"},{\"@type\":\"WebPage\",\"@id\":\"https:\/\/www.buchingerkuduz.com\/blog\/neue-mobilitaet-ideen-fuer-die-zukunft\/\",\"url\":\"https:\/\/www.buchingerkuduz.com\/blog\/neue-mobilitaet-ideen-fuer-die-zukunft\/\",\"name\":\"Neue Mobilit\u00e4t - Ideen f\u00fcr die Zukunft des mobilen Lebens\",\"isPartOf\":{\"@id\":\"https:\/\/www.buchingerkuduz.com\/blog\/#website\"},\"primaryImageOfPage\":{\"@id\":\"https:\/\/www.buchingerkuduz.com\/blog\/neue-mobilitaet-ideen-fuer-die-zukunft\/#primaryimage\"},\"image\":{\"@id\":\"https:\/\/www.buchingerkuduz.com\/blog\/neue-mobilitaet-ideen-fuer-die-zukunft\/#primaryimage\"},\"thumbnailUrl\":\"https:\/\/www.buchingerkuduz.com\/blog\/wp-content\/uploads\/2022\/03\/RestartThinking-Blog_Neue-Ideen-fuer-mobile-Zukunft.jpg\",\"datePublished\":\"2018-05-08T05:00:54+00:00\",\"dateModified\":\"2022-03-24T19:55:16+00:00\",\"description\":\"Mobilit\u00e4t in l\u00e4ndlichen R\u00e4umen wird sich nicht so schnell wandeln wie in urbanen R\u00e4umen. Dennoch gibt es schon heute viele Ideen, Mobilit\u00e4t neu zu denken.\",\"breadcrumb\":{\"@id\":\"https:\/\/www.buchingerkuduz.com\/blog\/neue-mobilitaet-ideen-fuer-die-zukunft\/#breadcrumb\"},\"inLanguage\":\"de\",\"potentialAction\":[{\"@type\":\"ReadAction\",\"target\":[\"https:\/\/www.buchingerkuduz.com\/blog\/neue-mobilitaet-ideen-fuer-die-zukunft\/\"]}]},{\"@type\":\"ImageObject\",\"inLanguage\":\"de\",\"@id\":\"https:\/\/www.buchingerkuduz.com\/blog\/neue-mobilitaet-ideen-fuer-die-zukunft\/#primaryimage\",\"url\":\"https:\/\/www.buchingerkuduz.com\/blog\/wp-content\/uploads\/2022\/03\/RestartThinking-Blog_Neue-Ideen-fuer-mobile-Zukunft.jpg\",\"contentUrl\":\"https:\/\/www.buchingerkuduz.com\/blog\/wp-content\/uploads\/2022\/03\/RestartThinking-Blog_Neue-Ideen-fuer-mobile-Zukunft.jpg\",\"width\":730,\"height\":420,\"caption\":\"Neue Mobilit\u00e4t - Ideen f\u00fcr die Zukunft\"},{\"@type\":\"BreadcrumbList\",\"@id\":\"https:\/\/www.buchingerkuduz.com\/blog\/neue-mobilitaet-ideen-fuer-die-zukunft\/#breadcrumb\",\"itemListElement\":[{\"@type\":\"ListItem\",\"position\":1,\"name\":\"Startseite\",\"item\":\"https:\/\/www.buchingerkuduz.com\/blog\/\"},{\"@type\":\"ListItem\",\"position\":2,\"name\":\"Neue Mobilit\u00e4t &#8211; Ideen f\u00fcr die Zukunft\"}]},{\"@type\":\"WebSite\",\"@id\":\"https:\/\/www.buchingerkuduz.com\/blog\/#website\",\"url\":\"https:\/\/www.buchingerkuduz.com\/blog\/\",\"name\":\"Restart Thinking\",\"description\":\"Ver\u00e4nderung. Denken. K\u00f6nnen.\",\"publisher\":{\"@id\":\"https:\/\/www.buchingerkuduz.com\/blog\/#organization\"},\"potentialAction\":[{\"@type\":\"SearchAction\",\"target\":{\"@type\":\"EntryPoint\",\"urlTemplate\":\"https:\/\/www.buchingerkuduz.com\/blog\/?s={search_term_string}\"},\"query-input\":{\"@type\":\"PropertyValueSpecification\",\"valueRequired\":true,\"valueName\":\"search_term_string\"}}],\"inLanguage\":\"de\"},{\"@type\":\"Organization\",\"@id\":\"https:\/\/www.buchingerkuduz.com\/blog\/#organization\",\"name\":\"Buchinger|Kuduz Dr. Mario Buchinger\",\"url\":\"https:\/\/www.buchingerkuduz.com\/blog\/\",\"logo\":{\"@type\":\"ImageObject\",\"inLanguage\":\"de\",\"@id\":\"https:\/\/www.buchingerkuduz.com\/blog\/#\/schema\/logo\/image\/\",\"url\":\"https:\/\/www.buchingerkuduz.com\/blog\/wp-content\/uploads\/2022\/03\/Logo_RestartThinking_pict_klein.png\",\"contentUrl\":\"https:\/\/www.buchingerkuduz.com\/blog\/wp-content\/uploads\/2022\/03\/Logo_RestartThinking_pict_klein.png\",\"width\":107,\"height\":80,\"caption\":\"Buchinger|Kuduz Dr. Mario Buchinger\"},\"image\":{\"@id\":\"https:\/\/www.buchingerkuduz.com\/blog\/#\/schema\/logo\/image\/\"},\"sameAs\":[\"https:\/\/www.linkedin.com\/company\/buchinger-kuduz\",\"https:\/\/www.youtube.com\/channel\/UCIm38XbFgUFykYVQXPSpxTw\/feed\"]},{\"@type\":\"Person\",\"@id\":\"https:\/\/www.buchingerkuduz.com\/blog\/#\/schema\/person\/89b9c30cecbcd2f411a145fac4d350d3\",\"name\":\"RestartThinking\",\"image\":{\"@type\":\"ImageObject\",\"inLanguage\":\"de\",\"@id\":\"https:\/\/www.buchingerkuduz.com\/blog\/#\/schema\/person\/image\/\",\"url\":\"https:\/\/secure.gravatar.com\/avatar\/f61ba9a6dd9e21e7c9e19e340960e47b?s=96&d=mm&r=g\",\"contentUrl\":\"https:\/\/secure.gravatar.com\/avatar\/f61ba9a6dd9e21e7c9e19e340960e47b?s=96&d=mm&r=g\",\"caption\":\"RestartThinking\"}}]}<\/script>\n<!-- \/ Yoast SEO plugin. -->","yoast_head_json":{"title":"Neue Mobilit\u00e4t - Ideen f\u00fcr die Zukunft des mobilen Lebens","description":"Mobilit\u00e4t in l\u00e4ndlichen R\u00e4umen wird sich nicht so schnell wandeln wie in urbanen R\u00e4umen. Dennoch gibt es schon heute viele Ideen, Mobilit\u00e4t neu zu denken.","robots":{"index":"index","follow":"follow","max-snippet":"max-snippet:-1","max-image-preview":"max-image-preview:large","max-video-preview":"max-video-preview:-1"},"canonical":"https:\/\/www.buchingerkuduz.com\/blog\/neue-mobilitaet-ideen-fuer-die-zukunft\/","og_locale":"de_DE","og_type":"article","og_title":"Neue Mobilit\u00e4t - Ideen f\u00fcr die Zukunft des mobilen Lebens","og_description":"Mobilit\u00e4t in l\u00e4ndlichen R\u00e4umen wird sich nicht so schnell wandeln wie in urbanen R\u00e4umen. Dennoch gibt es schon heute viele Ideen, Mobilit\u00e4t neu zu denken.","og_url":"https:\/\/www.buchingerkuduz.com\/blog\/neue-mobilitaet-ideen-fuer-die-zukunft\/","og_site_name":"#RestartThinking","article_published_time":"2018-05-08T05:00:54+00:00","article_modified_time":"2022-03-24T19:55:16+00:00","og_image":[{"width":730,"height":420,"url":"https:\/\/www.buchingerkuduz.com\/blog\/wp-content\/uploads\/2022\/03\/RestartThinking-Blog_Neue-Ideen-fuer-mobile-Zukunft.jpg","type":"image\/jpeg"}],"author":"RestartThinking","twitter_card":"summary_large_image","twitter_misc":{"Verfasst von":"RestartThinking","Gesch\u00e4tzte Lesezeit":"4\u00a0Minuten"},"schema":{"@context":"https:\/\/schema.org","@graph":[{"@type":"Article","@id":"https:\/\/www.buchingerkuduz.com\/blog\/neue-mobilitaet-ideen-fuer-die-zukunft\/#article","isPartOf":{"@id":"https:\/\/www.buchingerkuduz.com\/blog\/neue-mobilitaet-ideen-fuer-die-zukunft\/"},"author":{"name":"RestartThinking","@id":"https:\/\/www.buchingerkuduz.com\/blog\/#\/schema\/person\/89b9c30cecbcd2f411a145fac4d350d3"},"headline":"Neue Mobilit\u00e4t &#8211; Ideen f\u00fcr die Zukunft","datePublished":"2018-05-08T05:00:54+00:00","dateModified":"2022-03-24T19:55:16+00:00","mainEntityOfPage":{"@id":"https:\/\/www.buchingerkuduz.com\/blog\/neue-mobilitaet-ideen-fuer-die-zukunft\/"},"wordCount":605,"publisher":{"@id":"https:\/\/www.buchingerkuduz.com\/blog\/#organization"},"image":{"@id":"https:\/\/www.buchingerkuduz.com\/blog\/neue-mobilitaet-ideen-fuer-die-zukunft\/#primaryimage"},"thumbnailUrl":"https:\/\/www.buchingerkuduz.com\/blog\/wp-content\/uploads\/2022\/03\/RestartThinking-Blog_Neue-Ideen-fuer-mobile-Zukunft.jpg","articleSection":["Mobilit\u00e4tswende"],"inLanguage":"de"},{"@type":"WebPage","@id":"https:\/\/www.buchingerkuduz.com\/blog\/neue-mobilitaet-ideen-fuer-die-zukunft\/","url":"https:\/\/www.buchingerkuduz.com\/blog\/neue-mobilitaet-ideen-fuer-die-zukunft\/","name":"Neue Mobilit\u00e4t - Ideen f\u00fcr die Zukunft des mobilen Lebens","isPartOf":{"@id":"https:\/\/www.buchingerkuduz.com\/blog\/#website"},"primaryImageOfPage":{"@id":"https:\/\/www.buchingerkuduz.com\/blog\/neue-mobilitaet-ideen-fuer-die-zukunft\/#primaryimage"},"image":{"@id":"https:\/\/www.buchingerkuduz.com\/blog\/neue-mobilitaet-ideen-fuer-die-zukunft\/#primaryimage"},"thumbnailUrl":"https:\/\/www.buchingerkuduz.com\/blog\/wp-content\/uploads\/2022\/03\/RestartThinking-Blog_Neue-Ideen-fuer-mobile-Zukunft.jpg","datePublished":"2018-05-08T05:00:54+00:00","dateModified":"2022-03-24T19:55:16+00:00","description":"Mobilit\u00e4t in l\u00e4ndlichen R\u00e4umen wird sich nicht so schnell wandeln wie in urbanen R\u00e4umen. Dennoch gibt es schon heute viele Ideen, Mobilit\u00e4t neu zu denken.","breadcrumb":{"@id":"https:\/\/www.buchingerkuduz.com\/blog\/neue-mobilitaet-ideen-fuer-die-zukunft\/#breadcrumb"},"inLanguage":"de","potentialAction":[{"@type":"ReadAction","target":["https:\/\/www.buchingerkuduz.com\/blog\/neue-mobilitaet-ideen-fuer-die-zukunft\/"]}]},{"@type":"ImageObject","inLanguage":"de","@id":"https:\/\/www.buchingerkuduz.com\/blog\/neue-mobilitaet-ideen-fuer-die-zukunft\/#primaryimage","url":"https:\/\/www.buchingerkuduz.com\/blog\/wp-content\/uploads\/2022\/03\/RestartThinking-Blog_Neue-Ideen-fuer-mobile-Zukunft.jpg","contentUrl":"https:\/\/www.buchingerkuduz.com\/blog\/wp-content\/uploads\/2022\/03\/RestartThinking-Blog_Neue-Ideen-fuer-mobile-Zukunft.jpg","width":730,"height":420,"caption":"Neue Mobilit\u00e4t - Ideen f\u00fcr die Zukunft"},{"@type":"BreadcrumbList","@id":"https:\/\/www.buchingerkuduz.com\/blog\/neue-mobilitaet-ideen-fuer-die-zukunft\/#breadcrumb","itemListElement":[{"@type":"ListItem","position":1,"name":"Startseite","item":"https:\/\/www.buchingerkuduz.com\/blog\/"},{"@type":"ListItem","position":2,"name":"Neue Mobilit\u00e4t &#8211; Ideen f\u00fcr die Zukunft"}]},{"@type":"WebSite","@id":"https:\/\/www.buchingerkuduz.com\/blog\/#website","url":"https:\/\/www.buchingerkuduz.com\/blog\/","name":"Restart Thinking","description":"Ver\u00e4nderung. Denken. K\u00f6nnen.","publisher":{"@id":"https:\/\/www.buchingerkuduz.com\/blog\/#organization"},"potentialAction":[{"@type":"SearchAction","target":{"@type":"EntryPoint","urlTemplate":"https:\/\/www.buchingerkuduz.com\/blog\/?s={search_term_string}"},"query-input":{"@type":"PropertyValueSpecification","valueRequired":true,"valueName":"search_term_string"}}],"inLanguage":"de"},{"@type":"Organization","@id":"https:\/\/www.buchingerkuduz.com\/blog\/#organization","name":"Buchinger|Kuduz Dr. Mario Buchinger","url":"https:\/\/www.buchingerkuduz.com\/blog\/","logo":{"@type":"ImageObject","inLanguage":"de","@id":"https:\/\/www.buchingerkuduz.com\/blog\/#\/schema\/logo\/image\/","url":"https:\/\/www.buchingerkuduz.com\/blog\/wp-content\/uploads\/2022\/03\/Logo_RestartThinking_pict_klein.png","contentUrl":"https:\/\/www.buchingerkuduz.com\/blog\/wp-content\/uploads\/2022\/03\/Logo_RestartThinking_pict_klein.png","width":107,"height":80,"caption":"Buchinger|Kuduz Dr. Mario Buchinger"},"image":{"@id":"https:\/\/www.buchingerkuduz.com\/blog\/#\/schema\/logo\/image\/"},"sameAs":["https:\/\/www.linkedin.com\/company\/buchinger-kuduz","https:\/\/www.youtube.com\/channel\/UCIm38XbFgUFykYVQXPSpxTw\/feed"]},{"@type":"Person","@id":"https:\/\/www.buchingerkuduz.com\/blog\/#\/schema\/person\/89b9c30cecbcd2f411a145fac4d350d3","name":"RestartThinking","image":{"@type":"ImageObject","inLanguage":"de","@id":"https:\/\/www.buchingerkuduz.com\/blog\/#\/schema\/person\/image\/","url":"https:\/\/secure.gravatar.com\/avatar\/f61ba9a6dd9e21e7c9e19e340960e47b?s=96&d=mm&r=g","contentUrl":"https:\/\/secure.gravatar.com\/avatar\/f61ba9a6dd9e21e7c9e19e340960e47b?s=96&d=mm&r=g","caption":"RestartThinking"}}]}},"_links":{"self":[{"href":"https:\/\/www.buchingerkuduz.com\/blog\/wp-json\/wp\/v2\/posts\/192","targetHints":{"allow":["GET"]}}],"collection":[{"href":"https:\/\/www.buchingerkuduz.com\/blog\/wp-json\/wp\/v2\/posts"}],"about":[{"href":"https:\/\/www.buchingerkuduz.com\/blog\/wp-json\/wp\/v2\/types\/post"}],"author":[{"embeddable":true,"href":"https:\/\/www.buchingerkuduz.com\/blog\/wp-json\/wp\/v2\/users\/1"}],"replies":[{"embeddable":true,"href":"https:\/\/www.buchingerkuduz.com\/blog\/wp-json\/wp\/v2\/comments?post=192"}],"version-history":[{"count":0,"href":"https:\/\/www.buchingerkuduz.com\/blog\/wp-json\/wp\/v2\/posts\/192\/revisions"}],"wp:featuredmedia":[{"embeddable":true,"href":"https:\/\/www.buchingerkuduz.com\/blog\/wp-json\/wp\/v2\/media\/3457"}],"wp:attachment":[{"href":"https:\/\/www.buchingerkuduz.com\/blog\/wp-json\/wp\/v2\/media?parent=192"}],"wp:term":[{"taxonomy":"category","embeddable":true,"href":"https:\/\/www.buchingerkuduz.com\/blog\/wp-json\/wp\/v2\/categories?post=192"},{"taxonomy":"post_tag","embeddable":true,"href":"https:\/\/www.buchingerkuduz.com\/blog\/wp-json\/wp\/v2\/tags?post=192"}],"curies":[{"name":"wp","href":"https:\/\/api.w.org\/{rel}","templated":true}]}}