{"id":2442,"date":"2022-02-23T09:18:15","date_gmt":"2022-02-23T08:18:15","guid":{"rendered":"https:\/\/www.buchingerkuduz.com\/blog\/?p=2442"},"modified":"2022-04-27T22:12:03","modified_gmt":"2022-04-27T20:12:03","slug":"carbon-bubble-crash","status":"publish","type":"post","link":"https:\/\/www.buchingerkuduz.com\/blog\/carbon-bubble-crash\/","title":{"rendered":"Carbon Bubble Crash"},"content":{"rendered":"\n<p>Wunsch und Wirklichkeit klaffen derzeit weit auseinander: Wir wissen, dass die CO2-Mengen, die unser Lebensraum noch vertr\u00e4gt, rapide zur Neige gehen. Doch gleichzeitig investieren wir Milliarden in Technologien, die diese Ver\u00e4nderung im wahrsten Sinne befeuern. Was ist die Carbon Bubble? Wann wird sie platzen? Und was k\u00f6nnen wir dagegen tun?<\/p>\n\n\n\n<h2 class=\"wp-block-heading\" id=\"wie-viel-zeit-haben-wir-noch\"><strong>Wie viel Zeit haben wir noch?<\/strong><\/h2>\n\n\n\n<p>Wenn wir noch irgendwie das 1,5 Grad Ziel schaffen wollen, bleiben uns noch etwas weniger als 7,5 Jahre Zeit. 1,5 Grad Ziel bedeutet den Anstieg der globalen Durchschnittstemperatur auf 1,5 Grad zu begrenzen. Wenn Sie der Meinung sind, das sei nicht viel, dann gebe ich zu bedenken, dass die 1,5 Grad vor allem durch die gro\u00dfen Meeresfl\u00e4chen beg\u00fcnstigt werden, die sich nicht so schnell erhitzen. Auf Landmassen, also in Gebieten wie \u00d6sterreich oder Deutschland, bedeuten 1,5 Grad globaler Durchschnitt entsprechend 3 bis 4 Grad mehr und das ist f\u00fcr jede:n von Bedeutung.<\/p>\n\n\n\n<p><a href=\"https:\/\/www.sueddeutsche.de\/projekte\/artikel\/wissen\/klimawandel-aktuell-der-sz-klimamonitor-e203859\/\" target=\"_blank\" rel=\"noreferrer noopener\">Den aktuellen Stand des Klimabudgets und andere wissenswerte Fakten hat die S\u00fcddeutsche in deren Klimamonitor zusammengestellt.<\/a><\/p>\n\n\n\n<hr class=\"wp-block-separator\"\/>\n\n\n\n<h2 class=\"wp-block-heading\" id=\"rasches-handeln-notig\"><strong>Rasches Handeln n\u00f6tig<\/strong><\/h2>\n\n\n\n<p>Die Erkenntnis das rasches Handeln n\u00f6tig ist, hat sich herumgesprochen \u2013 sogar in der Finanzwelt, wie die folgenden Zitate zeigen:<\/p>\n\n\n\n<blockquote class=\"wp-block-quote is-layout-flow wp-block-quote-is-layout-flow\"><p>&#8222;My personal view is that any institution has to have climate change risk and protection of the environment at the core of their understanding of their mission. [\u2026] [The ECB\u2019s] primary mandate is price stability, of course. But it has to be embedded that climate change and environmental risk are mission-critical.&#8220;<\/p><cite>Christine Lagarde, Pr\u00e4sidentin der Europ\u00e4ischen Zentralbank, September 2019 (1)<\/cite><\/blockquote>\n\n\n\n<blockquote class=\"wp-block-quote is-layout-flow wp-block-quote-is-layout-flow\"><p>\u201cPut simply, Barclays fully understands our corporate responsibility in respect of climate change. We are a supporter of the goals of the Paris accord. And we will keep our policy position under constant review to ensure that our actions align with those goals.\u201d&nbsp;<\/p><cite>James Edward Staley, CEO Barclays, Mai 2019 (2)<\/cite><\/blockquote>\n\n\n\n<hr class=\"wp-block-separator\"\/>\n\n\n\n<h2 class=\"wp-block-heading\" id=\"worte-und-taten-weltweit\"><strong>Worte und Taten weltweit<\/strong><\/h2>\n\n\n\n<p>Solche Aussagen, Absichtsbekundungen und \u00e4hnliches hat es in den letzten Jahren schon viele gegeben. Mir f\u00e4llt in diesem Zusammenhang immer der Begriff \u201e<a href=\"https:\/\/de.wikipedia.org\/wiki\/Greenwashing\" target=\"_blank\" rel=\"noreferrer noopener\">Greenwashing<\/a>\u201c ein.&nbsp;<\/p>\n\n\n\n<p>Wenigstens gibt es NGOs, wie <a href=\"https:\/\/www.banktrack.org\" target=\"_blank\" rel=\"noreferrer noopener\">BANKTRACK<\/a> die Finanzinstituten auf den Zahn f\u00fchlen und fundierte Recherchen anstellen. Beispielsweise ver\u00f6ffentlicht die Organisation j\u00e4hrliche Berichte. Sie gehen darin dubiosen Deals der Banken auf den Grund und betrachten deren Auswirkungen auf die Bereiche Energie und Klima, Menschenrechte und Natur, etwa den Einfluss von Finanztransaktion auf den Regenwald.&nbsp;<\/p>\n\n\n\n<p>Gemeinsam mit anderen Organisationen, wie dem Rainforest Action Network und dem Indigenous Environmental Network, hat BANKTRACK die Webseite&nbsp;&#8222;<a href=\"https:\/\/www.bankingonclimatechaos.org\" target=\"_blank\" rel=\"noreferrer noopener\">Bankingonclimatechaos<\/a>&#8220; aufgesetzt.<\/p>\n\n\n\n<p>Der dort j\u00e4hrlich erscheinende Bericht \u201eFossil Fuels Finance Report\u201c l\u00e4sst einem die Haare zu Berge stehen. Die betrachteten Bereiche reichen von der F\u00f6rderung von \u00d6lsanden, Fracking, \u00d6l- und Gasbohrungen offshore und sogar in der Arktis bis hin zum Kohleabbau. Detailliert werden die Investitionen der Banken in den verschiedenen Bereichen aufgelistet und der ganze Wahnsinn l\u00e4sst sich wie folgt zusammenfassen (3):<\/p>\n\n\n\n<ul class=\"wp-block-list\"><li><em>In den 5 Jahren seit der Verabschiedung des Pariser Abkommens finanzierten die 60 gr\u00f6\u00dften Privatbanken der Welt fossile Brennstoffe mit 3,8 Billionen (!) US-Dollar.<\/em><\/li><li><em>Trotz eines massiven weltweiten R\u00fcckgangs der Nachfrage und Produktion fossiler Brennstoffe im Jahr 2020 blieb die Finanzierung fossiler Brennstoffe durch die Banken im Jahr 2020 immer noch \u00fcber dem Niveau von 2016 und 2017.<\/em><\/li><\/ul>\n\n\n\n<hr class=\"wp-block-separator\"\/>\n\n\n\n<h2 class=\"wp-block-heading\" id=\"worte-und-taten-in-europa\"><strong>Worte und Taten in Europa<\/strong><\/h2>\n\n\n\n<p>F\u00fcr Europa und die europ\u00e4ischen Finanzinstitute hat sich die Plattform <a href=\"https:\/\/shareaction.org\" target=\"_blank\" rel=\"noreferrer noopener\">ShareAction<\/a> in deren aktuellen Report interessiert, welcher am 14.02.2022 erschienen ist. ShareAction hat sich zur Aufgabe gemacht Standards f\u00fcr nachhaltige Investments zu erarbeiten.&nbsp;Leider sieht es in Europa in diesem Bereich auch nicht wirklich besser aus, denn ShareAction kommt zu dem Schluss (4):<\/p>\n\n\n\n<ul class=\"wp-block-list\"><li><em>HSBC, Barclays und BNP Paribas sind die schlimmsten \u00dcbelt\u00e4ter, die seit 2016 jeweils 59, 48 bzw. 46 Milliarden US-Dollar f\u00fcr fossile Investments bereitgestellt haben.<\/em><\/li><li><em>Die Net Zero Banking Alliance hat es bisher vers\u00e4umt, einen Einfluss auf dieses kritische Thema zu nehmen. Seine Mitglieder haben seit seiner Gr\u00fcndung im vergangenen April mindestens 38 Milliarden US-Dollar an Finanzmitteln f\u00fcr die 50 wichtigsten vorgelagerten \u00d6l- und Gasf\u00f6rderer bereitgestellt. Die H\u00e4lfte davon wurde von vier Gr\u00fcndungsunterzeichnern investiert: Barclays, BNP Paribas, Deutsche Bank und HSBC.<\/em><\/li><\/ul>\n\n\n\n<hr class=\"wp-block-separator\"\/>\n\n\n\n<h2 class=\"wp-block-heading\" id=\"auch-konservative-quellen-rufen-nach-veranderung\"><strong>Auch konservative Quellen rufen nach Ver\u00e4nderung<\/strong><\/h2>\n\n\n\n<p>Wenn Ihnen BANKTRACK oder ShareAction zu progressiv sein sollten, dann empfehle ich die <a href=\"https:\/\/www.iea.org\" target=\"_blank\" rel=\"noreferrer noopener\">Internationale Energieagentur (IEA)<\/a>, die alle Energiearten weltweit betrachtet und als eine Untereinheit der OECD Interessen der Mitglieder, allesamt Industrienationen, vertritt. Daher freut es mich umso mehr, dass auch hier der Ruf nach Ver\u00e4nderung laut wird:<\/p>\n\n\n\n<blockquote class=\"wp-block-quote is-layout-flow wp-block-quote-is-layout-flow\"><p>Als Hauptverursacher globaler Emissionen ist der Energiesektor der Schl\u00fcssel zur Bew\u00e4ltigung der globalen Klimaherausforderung. Trotz vieler Zusagen und Bem\u00fchungen der Regierungen, die Ursachen der globalen Erw\u00e4rmung anzugehen, sind die CO2-Emissionen aus Energie und Industrie seit der Unterzeichnung des Rahmen\u00fcbereinkommens der Vereinten Nationen \u00fcber Klima\u00e4nderungen im Jahr 1992 um 60 % gestiegen. Die globalen Verpflichtungen und Ma\u00dfnahmen nehmen zu, aber sie reichen noch immer nicht aus, um den globalen Temperaturanstieg auf 1,5 \u00b0C zu begrenzen und die schlimmsten Auswirkungen des Klimawandels abzuwenden.<\/p><cite>IEA, Net Zero by 2050, Mai 2021 (5) <\/cite><\/blockquote>\n\n\n\n<blockquote class=\"wp-block-quote is-layout-flow wp-block-quote-is-layout-flow\"><p>Netto-Null bedeutet enorme R\u00fcckg\u00e4nge bei der Nutzung von Kohle, \u00d6l und Gas. <strong>[&#8230;]<\/strong> Um bis 2050 Netto-Null-Emissionen zu erreichen, ist nichts weniger als die vollst\u00e4ndige Transformation des globalen Energiesystems erforderlich.<\/p><cite>IEA, Net Zero by 2050, Mai 2021 (5) <\/cite><\/blockquote>\n\n\n\n<p>Die IEA macht sogar konkrete Vorschl\u00e4ge wie diese R\u00fcckg\u00e4nge bzw. die Transformation des Energiesystems aussehen k\u00f6nnten. Aber die wichtigste Frage bleibt: <strong>Was passiert mit den bestehenden Investments in fossile Technologien? <\/strong>Das bringt uns zum Titel dieses Blogs, der Carbon Bubble.<\/p>\n\n\n\n<hr class=\"wp-block-separator\"\/>\n\n\n\n<h2 class=\"wp-block-heading\" id=\"carbon-bubble-was-ist-das-und-warum-ist-es-wichtig\"><strong>Carbon Bubble \u2013 Was ist das und warum ist es wichtig?<\/strong><\/h2>\n\n\n\n<p>Die \u201cCarbon Bubble\u201d, im Deutschen auch \u201eCO<sub>2<\/sub>-Blase\u201c oder \u201eKohlenstoffblase\u201c genannt, bezeichnet die Spekulationsblase, die durch Investitionen in fossile Technologien, Anlagen oder auch Rohstoffvorkommen entstehen. Diese Investitionen befinden sich im krassen Gegensatz zum Pariser Klimaabkommen und daher m\u00fcssten sie beendet werden. Das w\u00fcrde auch beinhalten, gewisse Rohstoffvorkommen nicht anzutasten.&nbsp;Jede weitere Investition in diese Technologien tr\u00e4gt zu dieser Blase bei.&nbsp;<\/p>\n\n\n\n<p>Im Jahr 2007 ging von der Spekulationsblase in den USA mit fragw\u00fcrdigen Kreditvergaben auf H\u00e4user eine Schockwelle in Form der Finanzkrise schlie\u00dflich um die ganze Welt. Bei der Carbon Bubble verh\u00e4lt es sich \u00e4hnlich, nur dass diese Anlagen und Technologien \u00fcberall auf dem Planeten vorhanden sind (Stranded Assets) und die Auswirkungen entsprechend global sein werden.&nbsp;<\/p>\n\n\n\n<p>Unternehmen selbst, Banken, Versicherungen, Investment- und Pensionsfonds tragen zu der Blase bei. Der UN Global Compact stellte 2021 fest, dass keiner der wichtigsten Aktienindizes in den G7-L\u00e4nder derzeit mit den Paris Zielen kompatibel ist. 2 Grad wird nicht erreicht, von 1,5 Grad ganz zu schweigen.&nbsp;(6)<\/p>\n\n\n\n<p>Dieses notwendige \u201eDivestment\u201c hat noch nicht stattgefunden, da die Weltwirtschaft zwei Jahre lang mit Covid besch\u00e4ftigt war und da sich noch immer gutes Geld mit der Zerst\u00f6rung unserer Lebensgrundlage machen l\u00e4sst. Unter dem Motto \u201eGier frist Hirn\u201c ist die Diskrepanz zwischen etwaigem Wissen, vagen Ank\u00fcndigungen und dem tats\u00e4chlichen Handeln sehr hoch. Die Gefahr, dass die Carbon Bubble platzt, wird daher von Jahr zu Jahr gr\u00f6\u00dfer. <\/p>\n\n\n\n<hr class=\"wp-block-separator\"\/>\n\n\n\n<h2 class=\"wp-block-heading\" id=\"auswirkungen-auf-green-deal\"><strong>Auswirkungen auf Green Deal<\/strong><\/h2>\n\n\n\n<p>Auch in Europa waren Lobbygruppen mit finanziellen Interessen erfolgreich. Grunds\u00e4tzlich hat die EU-Kommission mit dem Green Deal \u2013 also der F\u00f6rderung von nachhaltigen Technologien \u2013 zur Zukunftssicherung und im Kampf gegen den Klimawandel die richtige Richtung eingeschlagen. Um festzulegen was als \u201enachhaltig\u201c gilt, sollte die EU Taxonomie Richtlinie aufgesetzt werden. Das wurde sie auch und im letzten Moment wurde der Entwurf noch mit Atomkraft und Gas als \u201e\u00dcbergangstechnologien\u201c erg\u00e4nzt.&nbsp;<\/p>\n\n\n\n<p>Gas kann niemals nachhaltig sein und bei Atomkraft ist es aus diversen Gr\u00fcnden gleich. Mehr dazu h\u00f6ren Sie im #RestartThinking-Podcast von \u00d6konomie-Physiker Mario Buchinger.<\/p>\n\n\n\n<p><a href=\"https:\/\/www.buchingerkuduz.com\/restartthinking-podcast-folge-151-das-ende-des-green-deal\/\">https:\/\/www.buchingerkuduz.com\/restartthinking-podcast-folge-151-das-ende-des-green-deal\/<\/a><\/p>\n\n\n\n<p>Auch hier haben sich leider Lobbyisten durchgesetzt, die finanzielle Interessen \u00fcber das Gemeinwohl stellen. Denn damit wird der Weg der Erneuerbaren Energien erschwert und wir verschwenden Zeit, die wir nicht haben.<\/p>\n\n\n\n<p>Neben den Umwelteffekten verl\u00e4ngert sich die Abh\u00e4ngigkeit von Importen und dubiosen Regimen, was man am derzeitigen Konflikt mit Russland gut erkennen kann. Wir zahlen j\u00e4hrlich Milliarden an andere anstatt dieses Geld in der jeweiligen Region zu investieren und regional stabile Strukturen, Know How und Wertsch\u00f6pfung aufzubauen.&nbsp;<\/p>\n\n\n\n<hr class=\"wp-block-separator\"\/>\n\n\n\n<h2 class=\"wp-block-heading\" id=\"kopf-in-den-sand-stecken-oder-sinnvolle-losungen\"><strong>Kopf in den Sand stecken oder sinnvolle L\u00f6sungen?<\/strong><\/h2>\n\n\n\n<p>Auch wenn mir dieses Verhalten absolut verst\u00e4ndlich erscheint, ist den Kopf in den Sand zu stecken die falsche Option. Stattdessen geht es um Vorsorge und Eigenverantwortung, den essentiellen Punkten des Unternehmertums. Als Anleitung k\u00f6nnen folgende Fragen dienen:<\/p>\n\n\n\n<ul class=\"wp-block-list\"><li>Welche Auswirkungen hat die Klimakrise auf Ihr Gesch\u00e4ftsmodell? Sind Produkte oder Dienstleistungen davon betroffen oder erschlie\u00dfen sich sogar neue M\u00f6glichkeiten?<\/li><li>Wie sieht Ihre Lieferkette aus?&nbsp;<\/li><li>Wurde eine Risikoevaluierung durchgef\u00fchrt?&nbsp;<\/li><li>Wie viel Energie beziehen Sie? Woher kommt diese? Was kostet die Energie? K\u00f6nnen Sie Preiserh\u00f6hungen verkraften?<\/li><li>Wie k\u00f6nnen Sie Energie und Ressourcen sparen? Sind die bisherigen Daten und Entwicklungen in diesen Bereichen bekannt? Wenn nicht, bis wann werden diese erhoben?<\/li><li><a href=\"https:\/\/www.buchingerkuduz.com\/blog\/stromtanken-mit-der-eigenen-photovoltaik-anlage\/\">Wie k\u00f6nnen Sie in Bezug auf Energie selbst t\u00e4tig werden? Ist die eigene Produktion von Erneuerbarer Energie m\u00f6glich?<\/a> Sind Liefervertr\u00e4ge \u00fcber PPAs oder Stromgemeinschaften eine Option?&nbsp;<\/li><li>Wie ist die Mobilit\u00e4t in Ihrem Unternehmen gestaltet (f\u00fcr Lieferungen, Gesch\u00e4ftsreisen und die Mobilit\u00e4t der Mitarbeitenden)?<\/li><li>Gibt es Investments in Ihrem Unternehmen? Gibt es daf\u00fcr Qualit\u00e4tskriterien zB f\u00fcr Nachhaltigkeit (Stichwort ESG) oder Zukunftsf\u00e4higkeit?&nbsp;<\/li><li>Wie gehen Sie mit Finanzpartner um? Stellen Sie deren Aktivit\u00e4ten auf den Pr\u00fcfstand? Bzw. stellen Sie den Finanzunternehmen Unterlagen \u00fcber das eigene Engagement zur Verf\u00fcgung?<\/li><\/ul>\n\n\n\n<p>Wir arbeiten gerade an diesen Fragen auch f\u00fcr unser eigenes Unternehmen. Denn es gilt &#8211; egal ob Unternehmen oder Privatpersonen &#8211; die Reduktion von Energie- und Ressourcenbedarf, der Bezug von erneuerbarer Energie, die Neudefinition von Mobilit\u00e4t und auch die Auswahl von Finanzunternehmen und -produkten hilft, um auf die Herausforderungen der Zukunft besser vorbereitet zu sein.&nbsp;<\/p>\n\n\n\n<p>Bei Fragen oder Kommentare zur Carbon Bubble oder den notwendigen Ver\u00e4nderungen im Bereich Klimatransformation freue ich mich auf Ihre Nachricht!<\/p>\n\n\n\n<p>Herzliche Gr\u00fc\u00dfe<br>Marlene Buchinger<\/p>\n\n\n\n<p>Ver\u00e4nderung. Denken. K\u00f6nnen<br>#RestartThinking<\/p>\n\n\n\n<h2 class=\"wp-block-heading\" id=\"quellen\"><strong>Quellen:<\/strong><\/h2>\n\n\n\n<ol class=\"wp-block-list\"><li><a href=\"https:\/\/news.sky.com\/story\/sky-views-christine-lagardes-climate-mission-taking-things-too-far-11879204\" target=\"_blank\" rel=\"noreferrer noopener nofollow\">Christine Lagarde, Pr\u00e4sidentin der Europ\u00e4ischen Zentralbank, September 2019<\/a><\/li><li><a href=\"https:\/\/www.theguardian.com\/business\/live\/2019\/may\/02\/bank-of-england-climate-change-protests-interest-rate-decision-construction-manufacturing-business-live?filterKeyEvents=false&amp;page=with:block-5ccaca6c8f08f8a8c7947833#block-5ccaca6c8f08f8a8c7947833\" target=\"_blank\" rel=\"noreferrer noopener nofollow\">James Edward Staley, CEO Barclays, Mai 2019<\/a><\/li><li><a href=\"https:\/\/www.bankingonclimatechaos.org\/wp-content\/uploads\/2021\/10\/Banking-on-Climate-Chaos-2021.pdf\" target=\"_blank\" rel=\"noreferrer noopener\">Bericht &#8222;Fossil Fuels Finance Report 2021&#8220;, Banking on Climate Chaos, Oktober 2021<\/a><\/li><li><a href=\"https:\/\/shareaction.org\/reports\/oil-gas-expansion-a-lose-lose-bet-for-banks-and-their-investors\" target=\"_blank\" rel=\"noreferrer noopener\">Bericht &#8222;Oil &amp; gas expansion A lose-lose bet for banks and their investors&#8220;, ShareAction, Februar 2022<\/a><\/li><li><a href=\"https:\/\/www.iea.org\/reports\/net-zero-by-2050\" target=\"_blank\" rel=\"noreferrer noopener\">International Energy Agency, Report Net Zero by 2020, Mai 2021<\/a><\/li><li><a href=\"https:\/\/unglobalcompact.org\/news\/4705-06-09-2021\" target=\"_blank\" rel=\"noreferrer noopener\">UN Global Compact, News, September 2021<\/a><\/li><\/ol>\n","protected":false},"excerpt":{"rendered":"<p>Die CO2-Mengen, die unser Lebensraum noch vertr\u00e4gt, gehen rapide zur Neige. Doch gleichzeitig investieren wir Milliarden in Technologien, die diese Ver\u00e4nderung im wahrsten Sinne befeuern. Was ist die Carbon Bubble? Wann wird sie platzen? Und was k\u00f6nnen wir dagegen tun?<\/p>\n","protected":false},"author":1,"featured_media":3480,"comment_status":"closed","ping_status":"open","sticky":false,"template":"","format":"standard","meta":{"neve_meta_sidebar":"full-width","neve_meta_container":"contained","neve_meta_enable_content_width":"","neve_meta_content_width":0,"neve_meta_title_alignment":"","neve_meta_author_avatar":"","neve_post_elements_order":"[\"content\",\"tags\",\"comments\"]","neve_meta_disable_header":"off","neve_meta_disable_footer":"off","neve_meta_disable_title":"","footnotes":""},"categories":[186,1],"tags":[27,183,184,182,63],"class_list":["post-2442","post","type-post","status-publish","format-standard","has-post-thumbnail","hentry","category-energiewende","category-strategie","tag-co2-emissionen","tag-green-deal","tag-investment","tag-kohlenstoffblase","tag-veraenderung"],"yoast_head":"<!-- This site is optimized with the Yoast SEO plugin v26.8 - https:\/\/yoast.com\/product\/yoast-seo-wordpress\/ -->\n<title>Carbon Bubble Crash - #RestartThinking<\/title>\n<meta name=\"description\" content=\"Die Carbon Bubble ist ein wichtiger Begriff, der unsere Zukunft beeinflussen wird. Erfahren Sie mehr dar\u00fcber im #RestartThinking Blog.\" \/>\n<meta name=\"robots\" content=\"index, follow, max-snippet:-1, max-image-preview:large, max-video-preview:-1\" \/>\n<link rel=\"canonical\" href=\"https:\/\/www.buchingerkuduz.com\/blog\/carbon-bubble-crash\/\" \/>\n<meta property=\"og:locale\" content=\"de_DE\" \/>\n<meta property=\"og:type\" content=\"article\" \/>\n<meta property=\"og:title\" content=\"Carbon Bubble Crash - #RestartThinking\" \/>\n<meta property=\"og:description\" content=\"Die Carbon Bubble ist ein wichtiger Begriff, der unsere Zukunft beeinflussen wird. Erfahren Sie mehr dar\u00fcber im #RestartThinking Blog.\" \/>\n<meta property=\"og:url\" content=\"https:\/\/www.buchingerkuduz.com\/blog\/carbon-bubble-crash\/\" \/>\n<meta property=\"og:site_name\" content=\"#RestartThinking\" \/>\n<meta property=\"article:published_time\" content=\"2022-02-23T08:18:15+00:00\" \/>\n<meta property=\"article:modified_time\" content=\"2022-04-27T20:12:03+00:00\" \/>\n<meta property=\"og:image\" content=\"https:\/\/www.buchingerkuduz.com\/blog\/wp-content\/uploads\/2022\/03\/RestartThinking-Blog_Wann-wird-die-Carbon-Bubble-platzen.jpg\" \/>\n\t<meta property=\"og:image:width\" content=\"730\" \/>\n\t<meta property=\"og:image:height\" content=\"420\" \/>\n\t<meta property=\"og:image:type\" content=\"image\/jpeg\" \/>\n<meta name=\"author\" content=\"RestartThinking\" \/>\n<meta name=\"twitter:card\" content=\"summary_large_image\" \/>\n<meta name=\"twitter:label1\" content=\"Verfasst von\" \/>\n\t<meta name=\"twitter:data1\" content=\"RestartThinking\" \/>\n\t<meta name=\"twitter:label2\" content=\"Gesch\u00e4tzte Lesezeit\" \/>\n\t<meta name=\"twitter:data2\" content=\"10\u00a0Minuten\" \/>\n<script type=\"application\/ld+json\" class=\"yoast-schema-graph\">{\"@context\":\"https:\/\/schema.org\",\"@graph\":[{\"@type\":\"Article\",\"@id\":\"https:\/\/www.buchingerkuduz.com\/blog\/carbon-bubble-crash\/#article\",\"isPartOf\":{\"@id\":\"https:\/\/www.buchingerkuduz.com\/blog\/carbon-bubble-crash\/\"},\"author\":{\"name\":\"RestartThinking\",\"@id\":\"https:\/\/www.buchingerkuduz.com\/blog\/#\/schema\/person\/89b9c30cecbcd2f411a145fac4d350d3\"},\"headline\":\"Carbon Bubble Crash\",\"datePublished\":\"2022-02-23T08:18:15+00:00\",\"dateModified\":\"2022-04-27T20:12:03+00:00\",\"mainEntityOfPage\":{\"@id\":\"https:\/\/www.buchingerkuduz.com\/blog\/carbon-bubble-crash\/\"},\"wordCount\":1703,\"publisher\":{\"@id\":\"https:\/\/www.buchingerkuduz.com\/blog\/#organization\"},\"image\":{\"@id\":\"https:\/\/www.buchingerkuduz.com\/blog\/carbon-bubble-crash\/#primaryimage\"},\"thumbnailUrl\":\"https:\/\/www.buchingerkuduz.com\/blog\/wp-content\/uploads\/2022\/03\/RestartThinking-Blog_Wann-wird-die-Carbon-Bubble-platzen.jpg\",\"keywords\":[\"CO2 Emissionen\",\"Green Deal\",\"Investment\",\"Kohlenstoffblase\",\"Ver\u00e4nderung\"],\"articleSection\":[\"Energiewende\",\"Strategie\"],\"inLanguage\":\"de\"},{\"@type\":\"WebPage\",\"@id\":\"https:\/\/www.buchingerkuduz.com\/blog\/carbon-bubble-crash\/\",\"url\":\"https:\/\/www.buchingerkuduz.com\/blog\/carbon-bubble-crash\/\",\"name\":\"Carbon Bubble Crash - #RestartThinking\",\"isPartOf\":{\"@id\":\"https:\/\/www.buchingerkuduz.com\/blog\/#website\"},\"primaryImageOfPage\":{\"@id\":\"https:\/\/www.buchingerkuduz.com\/blog\/carbon-bubble-crash\/#primaryimage\"},\"image\":{\"@id\":\"https:\/\/www.buchingerkuduz.com\/blog\/carbon-bubble-crash\/#primaryimage\"},\"thumbnailUrl\":\"https:\/\/www.buchingerkuduz.com\/blog\/wp-content\/uploads\/2022\/03\/RestartThinking-Blog_Wann-wird-die-Carbon-Bubble-platzen.jpg\",\"datePublished\":\"2022-02-23T08:18:15+00:00\",\"dateModified\":\"2022-04-27T20:12:03+00:00\",\"description\":\"Die Carbon Bubble ist ein wichtiger Begriff, der unsere Zukunft beeinflussen wird. Erfahren Sie mehr dar\u00fcber im #RestartThinking Blog.\",\"breadcrumb\":{\"@id\":\"https:\/\/www.buchingerkuduz.com\/blog\/carbon-bubble-crash\/#breadcrumb\"},\"inLanguage\":\"de\",\"potentialAction\":[{\"@type\":\"ReadAction\",\"target\":[\"https:\/\/www.buchingerkuduz.com\/blog\/carbon-bubble-crash\/\"]}]},{\"@type\":\"ImageObject\",\"inLanguage\":\"de\",\"@id\":\"https:\/\/www.buchingerkuduz.com\/blog\/carbon-bubble-crash\/#primaryimage\",\"url\":\"https:\/\/www.buchingerkuduz.com\/blog\/wp-content\/uploads\/2022\/03\/RestartThinking-Blog_Wann-wird-die-Carbon-Bubble-platzen.jpg\",\"contentUrl\":\"https:\/\/www.buchingerkuduz.com\/blog\/wp-content\/uploads\/2022\/03\/RestartThinking-Blog_Wann-wird-die-Carbon-Bubble-platzen.jpg\",\"width\":730,\"height\":420,\"caption\":\"Was ist die Carbon Bubble und wann wird sie platzen?\"},{\"@type\":\"BreadcrumbList\",\"@id\":\"https:\/\/www.buchingerkuduz.com\/blog\/carbon-bubble-crash\/#breadcrumb\",\"itemListElement\":[{\"@type\":\"ListItem\",\"position\":1,\"name\":\"Startseite\",\"item\":\"https:\/\/www.buchingerkuduz.com\/blog\/\"},{\"@type\":\"ListItem\",\"position\":2,\"name\":\"Carbon Bubble Crash\"}]},{\"@type\":\"WebSite\",\"@id\":\"https:\/\/www.buchingerkuduz.com\/blog\/#website\",\"url\":\"https:\/\/www.buchingerkuduz.com\/blog\/\",\"name\":\"Restart Thinking\",\"description\":\"Ver\u00e4nderung. Denken. K\u00f6nnen.\",\"publisher\":{\"@id\":\"https:\/\/www.buchingerkuduz.com\/blog\/#organization\"},\"potentialAction\":[{\"@type\":\"SearchAction\",\"target\":{\"@type\":\"EntryPoint\",\"urlTemplate\":\"https:\/\/www.buchingerkuduz.com\/blog\/?s={search_term_string}\"},\"query-input\":{\"@type\":\"PropertyValueSpecification\",\"valueRequired\":true,\"valueName\":\"search_term_string\"}}],\"inLanguage\":\"de\"},{\"@type\":\"Organization\",\"@id\":\"https:\/\/www.buchingerkuduz.com\/blog\/#organization\",\"name\":\"Buchinger|Kuduz Dr. Mario Buchinger\",\"url\":\"https:\/\/www.buchingerkuduz.com\/blog\/\",\"logo\":{\"@type\":\"ImageObject\",\"inLanguage\":\"de\",\"@id\":\"https:\/\/www.buchingerkuduz.com\/blog\/#\/schema\/logo\/image\/\",\"url\":\"https:\/\/www.buchingerkuduz.com\/blog\/wp-content\/uploads\/2022\/03\/Logo_RestartThinking_pict_klein.png\",\"contentUrl\":\"https:\/\/www.buchingerkuduz.com\/blog\/wp-content\/uploads\/2022\/03\/Logo_RestartThinking_pict_klein.png\",\"width\":107,\"height\":80,\"caption\":\"Buchinger|Kuduz Dr. Mario Buchinger\"},\"image\":{\"@id\":\"https:\/\/www.buchingerkuduz.com\/blog\/#\/schema\/logo\/image\/\"},\"sameAs\":[\"https:\/\/www.linkedin.com\/company\/buchinger-kuduz\",\"https:\/\/www.youtube.com\/channel\/UCIm38XbFgUFykYVQXPSpxTw\/feed\"]},{\"@type\":\"Person\",\"@id\":\"https:\/\/www.buchingerkuduz.com\/blog\/#\/schema\/person\/89b9c30cecbcd2f411a145fac4d350d3\",\"name\":\"RestartThinking\",\"image\":{\"@type\":\"ImageObject\",\"inLanguage\":\"de\",\"@id\":\"https:\/\/www.buchingerkuduz.com\/blog\/#\/schema\/person\/image\/\",\"url\":\"https:\/\/secure.gravatar.com\/avatar\/f61ba9a6dd9e21e7c9e19e340960e47b?s=96&d=mm&r=g\",\"contentUrl\":\"https:\/\/secure.gravatar.com\/avatar\/f61ba9a6dd9e21e7c9e19e340960e47b?s=96&d=mm&r=g\",\"caption\":\"RestartThinking\"}}]}<\/script>\n<!-- \/ Yoast SEO plugin. -->","yoast_head_json":{"title":"Carbon Bubble Crash - #RestartThinking","description":"Die Carbon Bubble ist ein wichtiger Begriff, der unsere Zukunft beeinflussen wird. Erfahren Sie mehr dar\u00fcber im #RestartThinking Blog.","robots":{"index":"index","follow":"follow","max-snippet":"max-snippet:-1","max-image-preview":"max-image-preview:large","max-video-preview":"max-video-preview:-1"},"canonical":"https:\/\/www.buchingerkuduz.com\/blog\/carbon-bubble-crash\/","og_locale":"de_DE","og_type":"article","og_title":"Carbon Bubble Crash - #RestartThinking","og_description":"Die Carbon Bubble ist ein wichtiger Begriff, der unsere Zukunft beeinflussen wird. Erfahren Sie mehr dar\u00fcber im #RestartThinking Blog.","og_url":"https:\/\/www.buchingerkuduz.com\/blog\/carbon-bubble-crash\/","og_site_name":"#RestartThinking","article_published_time":"2022-02-23T08:18:15+00:00","article_modified_time":"2022-04-27T20:12:03+00:00","og_image":[{"width":730,"height":420,"url":"https:\/\/www.buchingerkuduz.com\/blog\/wp-content\/uploads\/2022\/03\/RestartThinking-Blog_Wann-wird-die-Carbon-Bubble-platzen.jpg","type":"image\/jpeg"}],"author":"RestartThinking","twitter_card":"summary_large_image","twitter_misc":{"Verfasst von":"RestartThinking","Gesch\u00e4tzte Lesezeit":"10\u00a0Minuten"},"schema":{"@context":"https:\/\/schema.org","@graph":[{"@type":"Article","@id":"https:\/\/www.buchingerkuduz.com\/blog\/carbon-bubble-crash\/#article","isPartOf":{"@id":"https:\/\/www.buchingerkuduz.com\/blog\/carbon-bubble-crash\/"},"author":{"name":"RestartThinking","@id":"https:\/\/www.buchingerkuduz.com\/blog\/#\/schema\/person\/89b9c30cecbcd2f411a145fac4d350d3"},"headline":"Carbon Bubble Crash","datePublished":"2022-02-23T08:18:15+00:00","dateModified":"2022-04-27T20:12:03+00:00","mainEntityOfPage":{"@id":"https:\/\/www.buchingerkuduz.com\/blog\/carbon-bubble-crash\/"},"wordCount":1703,"publisher":{"@id":"https:\/\/www.buchingerkuduz.com\/blog\/#organization"},"image":{"@id":"https:\/\/www.buchingerkuduz.com\/blog\/carbon-bubble-crash\/#primaryimage"},"thumbnailUrl":"https:\/\/www.buchingerkuduz.com\/blog\/wp-content\/uploads\/2022\/03\/RestartThinking-Blog_Wann-wird-die-Carbon-Bubble-platzen.jpg","keywords":["CO2 Emissionen","Green Deal","Investment","Kohlenstoffblase","Ver\u00e4nderung"],"articleSection":["Energiewende","Strategie"],"inLanguage":"de"},{"@type":"WebPage","@id":"https:\/\/www.buchingerkuduz.com\/blog\/carbon-bubble-crash\/","url":"https:\/\/www.buchingerkuduz.com\/blog\/carbon-bubble-crash\/","name":"Carbon Bubble Crash - #RestartThinking","isPartOf":{"@id":"https:\/\/www.buchingerkuduz.com\/blog\/#website"},"primaryImageOfPage":{"@id":"https:\/\/www.buchingerkuduz.com\/blog\/carbon-bubble-crash\/#primaryimage"},"image":{"@id":"https:\/\/www.buchingerkuduz.com\/blog\/carbon-bubble-crash\/#primaryimage"},"thumbnailUrl":"https:\/\/www.buchingerkuduz.com\/blog\/wp-content\/uploads\/2022\/03\/RestartThinking-Blog_Wann-wird-die-Carbon-Bubble-platzen.jpg","datePublished":"2022-02-23T08:18:15+00:00","dateModified":"2022-04-27T20:12:03+00:00","description":"Die Carbon Bubble ist ein wichtiger Begriff, der unsere Zukunft beeinflussen wird. Erfahren Sie mehr dar\u00fcber im #RestartThinking Blog.","breadcrumb":{"@id":"https:\/\/www.buchingerkuduz.com\/blog\/carbon-bubble-crash\/#breadcrumb"},"inLanguage":"de","potentialAction":[{"@type":"ReadAction","target":["https:\/\/www.buchingerkuduz.com\/blog\/carbon-bubble-crash\/"]}]},{"@type":"ImageObject","inLanguage":"de","@id":"https:\/\/www.buchingerkuduz.com\/blog\/carbon-bubble-crash\/#primaryimage","url":"https:\/\/www.buchingerkuduz.com\/blog\/wp-content\/uploads\/2022\/03\/RestartThinking-Blog_Wann-wird-die-Carbon-Bubble-platzen.jpg","contentUrl":"https:\/\/www.buchingerkuduz.com\/blog\/wp-content\/uploads\/2022\/03\/RestartThinking-Blog_Wann-wird-die-Carbon-Bubble-platzen.jpg","width":730,"height":420,"caption":"Was ist die Carbon Bubble und wann wird sie platzen?"},{"@type":"BreadcrumbList","@id":"https:\/\/www.buchingerkuduz.com\/blog\/carbon-bubble-crash\/#breadcrumb","itemListElement":[{"@type":"ListItem","position":1,"name":"Startseite","item":"https:\/\/www.buchingerkuduz.com\/blog\/"},{"@type":"ListItem","position":2,"name":"Carbon Bubble Crash"}]},{"@type":"WebSite","@id":"https:\/\/www.buchingerkuduz.com\/blog\/#website","url":"https:\/\/www.buchingerkuduz.com\/blog\/","name":"Restart Thinking","description":"Ver\u00e4nderung. Denken. K\u00f6nnen.","publisher":{"@id":"https:\/\/www.buchingerkuduz.com\/blog\/#organization"},"potentialAction":[{"@type":"SearchAction","target":{"@type":"EntryPoint","urlTemplate":"https:\/\/www.buchingerkuduz.com\/blog\/?s={search_term_string}"},"query-input":{"@type":"PropertyValueSpecification","valueRequired":true,"valueName":"search_term_string"}}],"inLanguage":"de"},{"@type":"Organization","@id":"https:\/\/www.buchingerkuduz.com\/blog\/#organization","name":"Buchinger|Kuduz Dr. Mario Buchinger","url":"https:\/\/www.buchingerkuduz.com\/blog\/","logo":{"@type":"ImageObject","inLanguage":"de","@id":"https:\/\/www.buchingerkuduz.com\/blog\/#\/schema\/logo\/image\/","url":"https:\/\/www.buchingerkuduz.com\/blog\/wp-content\/uploads\/2022\/03\/Logo_RestartThinking_pict_klein.png","contentUrl":"https:\/\/www.buchingerkuduz.com\/blog\/wp-content\/uploads\/2022\/03\/Logo_RestartThinking_pict_klein.png","width":107,"height":80,"caption":"Buchinger|Kuduz Dr. Mario Buchinger"},"image":{"@id":"https:\/\/www.buchingerkuduz.com\/blog\/#\/schema\/logo\/image\/"},"sameAs":["https:\/\/www.linkedin.com\/company\/buchinger-kuduz","https:\/\/www.youtube.com\/channel\/UCIm38XbFgUFykYVQXPSpxTw\/feed"]},{"@type":"Person","@id":"https:\/\/www.buchingerkuduz.com\/blog\/#\/schema\/person\/89b9c30cecbcd2f411a145fac4d350d3","name":"RestartThinking","image":{"@type":"ImageObject","inLanguage":"de","@id":"https:\/\/www.buchingerkuduz.com\/blog\/#\/schema\/person\/image\/","url":"https:\/\/secure.gravatar.com\/avatar\/f61ba9a6dd9e21e7c9e19e340960e47b?s=96&d=mm&r=g","contentUrl":"https:\/\/secure.gravatar.com\/avatar\/f61ba9a6dd9e21e7c9e19e340960e47b?s=96&d=mm&r=g","caption":"RestartThinking"}}]}},"_links":{"self":[{"href":"https:\/\/www.buchingerkuduz.com\/blog\/wp-json\/wp\/v2\/posts\/2442","targetHints":{"allow":["GET"]}}],"collection":[{"href":"https:\/\/www.buchingerkuduz.com\/blog\/wp-json\/wp\/v2\/posts"}],"about":[{"href":"https:\/\/www.buchingerkuduz.com\/blog\/wp-json\/wp\/v2\/types\/post"}],"author":[{"embeddable":true,"href":"https:\/\/www.buchingerkuduz.com\/blog\/wp-json\/wp\/v2\/users\/1"}],"replies":[{"embeddable":true,"href":"https:\/\/www.buchingerkuduz.com\/blog\/wp-json\/wp\/v2\/comments?post=2442"}],"version-history":[{"count":0,"href":"https:\/\/www.buchingerkuduz.com\/blog\/wp-json\/wp\/v2\/posts\/2442\/revisions"}],"wp:featuredmedia":[{"embeddable":true,"href":"https:\/\/www.buchingerkuduz.com\/blog\/wp-json\/wp\/v2\/media\/3480"}],"wp:attachment":[{"href":"https:\/\/www.buchingerkuduz.com\/blog\/wp-json\/wp\/v2\/media?parent=2442"}],"wp:term":[{"taxonomy":"category","embeddable":true,"href":"https:\/\/www.buchingerkuduz.com\/blog\/wp-json\/wp\/v2\/categories?post=2442"},{"taxonomy":"post_tag","embeddable":true,"href":"https:\/\/www.buchingerkuduz.com\/blog\/wp-json\/wp\/v2\/tags?post=2442"}],"curies":[{"name":"wp","href":"https:\/\/api.w.org\/{rel}","templated":true}]}}