{"id":758,"date":"2020-02-20T07:42:00","date_gmt":"2020-02-20T06:42:00","guid":{"rendered":"https:\/\/www.buchingerkuduz.com\/blog\/?p=758"},"modified":"2022-03-14T12:53:44","modified_gmt":"2022-03-14T11:53:44","slug":"e-auto-alltag-ein-praxisbericht","status":"publish","type":"post","link":"https:\/\/www.buchingerkuduz.com\/blog\/e-auto-alltag-ein-praxisbericht\/","title":{"rendered":"E-Auto-Alltag &#8211; ein Praxisbericht"},"content":{"rendered":"\n<p align=\"justify\">Noch immer fragen sich viele, wie der E-Auto-Alltag wirklich funktioniert? Im Jahr 2019 sind wir \u00fcber 30.000 Kilometer elektrisch gefahren. Damit k\u00f6nnen wir uns weiterhin als E-Vielfahrer bezeichnen. Unser E-Fahrzeug hat mittlerweile knapp 130.000 Kilometer auf dem Tacho und bisher gab es keine nennenswerten Reparaturen oder Verschlei\u00dferscheinungen.<\/p>\n\n\n\n<p align=\"justify\">Tesla war auch von den fehlerhaften Airbags der Firma Takata betroffen, die auch an fast s\u00e4mtliche anderen Automobilhersteller geliefert wurden. Wir erhielten eine Verst\u00e4ndigung und ich bin zum n\u00e4chstgelegenen Servicest\u00fctzpunkt, f\u00fcr uns in M\u00fcnchen, gefahren. Im Zuge eines generellen Autochecks fiel auf, dass unsere Bremsen getauscht werden mussten.<\/p>\n\n\n\n<h2 class=\"wp-block-heading\"><strong>Neue Bremsen<\/strong><\/h2>\n\n\n\n<p align=\"justify\">Knapp 130.000 Kilometer mit einem Bremsensatz sind f\u00fcr konventionelle Fahrzeuge ein sensationeller Wert. Als E-Auto-Fahrer h\u00e4tten wir aber auf eine gr\u00f6\u00dfere Reichweite gehofft. Grunds\u00e4tzlich rekuperieren Elektrofahrzeuge, das hei\u00dft, sie speisen die Bremsenergie in die Batterie zur\u00fcck. Bei vorausschauender Fahrweise wird die Bremse nur mehr in absoluten Notf\u00e4lle gebraucht. Da lag leider unser Fehler! Wenn die Bremsen zu wenig bet\u00e4tigt werden, \u201everglasen\u201c sie. Das hei\u00dft, die Bremsbel\u00e4ge werden por\u00f6s bzw. korrodieren.<\/p>\n\n\n\n<p align=\"justify\">Ein \u201everglaster\u201c Bremsbelag stellt ein Sicherheitsrisiko dar. Daher haben wir uns f\u00fcr die sofortige Reparatur und den Austausch aller vier Bel\u00e4ge und der zugeh\u00f6rigen Bremsscheiben entschieden.<\/p>\n\n\n\n<p align=\"justify\">F\u00fcr die Zukunft gilt jetzt folgendes: Wir werden <b>regelm\u00e4\u00dfig bewusst bremsen<\/b>. Der Tipp von Tesla lautet: Nach einer l\u00e4ngeren Strecke von mehr als 50 Kilometern soll man am Ende der Fahrt die Rekuperation von \u201eStandard\u201c auf \u201eNiedrig\u201c setzen und dann bewusst bremsen. Wenn die Bremsbel\u00e4ge hei\u00df sind, verdampft \u00fcbersch\u00fcssiges Wasser und kann sich nicht auf den Bel\u00e4gen ablegen w\u00e4hrend das Fahrzeug anschlie\u00dfend in der Garage steht.<\/p>\n\n\n\n<h2 class=\"wp-block-heading\"><strong>E-Auto-Alltag im Winter<\/strong><\/h2>\n\n\n\n<p align=\"justify\">Apropos Rekuperation: Diese ist im Winter etwas limitiert, da die Batterie bei Fahrtbeginn meist noch kalt ist. Wir laden daher etwa eine halbe Stunde vor Fahrtbeginn noch etwas Strom nach. Das funktioniert ganz einfach \u00fcber die Fahrzeug-App, ohne das ich daf\u00fcr in die Garage gehen muss. Durch das Laden wird die Batterie vorgew\u00e4rmt und kann bei Bremsvorg\u00e4ngen die entstehende Energie besser aufnehmen.<\/p>\n\n\n\n<figure class=\"wp-block-image size-large\"><img decoding=\"async\" src=\"https:\/\/www.buchingerkuduz.com\/blog\/wp-content\/uploads\/2018\/12\/RestartThinkingBlog3-1024x466.jpg\" alt=\"Restart Thinking Blog\" class=\"wp-image-319\"\/><figcaption>E-Auto-Alltag im Winter &#8211; keine Sorge es wird Ihnen nicht kalt.<\/figcaption><\/figure>\n\n\n\n<p align=\"justify\">Ein weiterer <a title=\"Tipps f\u00fcr Elektroautos im Winter\" href=\"https:\/\/www.buchingerkuduz.com\/blog\/elektromobilitaet-im-winter-funktioniert\/\"><u>Tipp f\u00fcr den E-Auto-Alltag im Winter<\/u><\/a>: Nutzen Sie die Sitzheizung anstatt das gesamte Fahrzeug auf 25 Grad hochzuheizen. Durch die direkte W\u00e4rme\u00fcbertragung spart man Energie. Der Fahrzeuginnenraum ist dann mit 19-20 Grad ausreichend beheizt. Viele E-Auto-Skeptiker glauben ja noch immer, man brauche im Winter Unmengen an Energie um den Innenraum zu heizen. Nein, das ist nicht so. Der Energiebedarf ist nur in der Anfangsphase etwas h\u00f6her, danach wird die Temperatur nur gehalten. Dabei tragen auch die Insassen bei, denn ein erwachsener Mensch setzt eine st\u00e4ndige Heizleistung von ca. 80 Watt um.  <\/p>\n\n\n\n<h2 class=\"wp-block-heading\"><strong>Tesla und die Autoscheiben<\/strong><\/h2>\n\n\n\n<p align=\"justify\">Nach der Bremsenreparatur hatten wir leider kein Gl\u00fcck, denn ein Stein traf die Windschutzscheibe. Gut, dieses Mal war es nicht so schlimm und die Scheibe konnte geklebt werden. Witze \u00fcber Tesla und Steine sind ja in aller Munde, nachdem die <a rel=\"noreferrer noopener\" aria-label=\"Pr\u00e4sentation des neuen E-Pickups von Tesla-Chef Elon Musk (\u00f6ffnet in neuem Tab)\" href=\"https:\/\/www.cnbc.com\/2019\/11\/21\/tesla-cybertruck-unveiled.html\" target=\"_blank\"><u>Pr\u00e4sentation des neuen E-Pickups alias Cybertruck<\/u><\/a><a href=\"https:\/\/www.cnbc.com\/2019\/11\/21\/tesla-cybertruck-unveiled.html\" target=\"_blank\" rel=\"noreferrer noopener\" aria-label=\"Pr\u00e4sentation des neuen E-Pickups von Tesla-Chef Elon Musk (\u00f6ffnet in neuem Tab)\"> <\/a><a rel=\"noreferrer noopener\" aria-label=\"Pr\u00e4sentation des neuen E-Pickups von Tesla-Chef Elon Musk (\u00f6ffnet in neuem Tab)\" href=\"https:\/\/www.cnbc.com\/2019\/11\/21\/tesla-cybertruck-unveiled.html\" target=\"_blank\">von Tesla-Chef Elon Musk<\/a> etwas skurril endete. Eigentlich sollte eine bruchsichere Scheibe pr\u00e4sentiert werden, die aber genau bei der Publikumspr\u00e4sentation des neuen Fahrzeuges brach. Ich glaube zwar, dass das sogar absichtlich inszeniert wurde, denn so war das Medienecho riesig. Ohne dieses Hoppala w\u00e4re der Pickup sonst nur eine Randnotiz in den Medien gewesen w\u00e4re.<\/p>\n\n\n\n<p align=\"justify\">Jedenfalls hat der amerikanische E-Autohersteller in den letzten Jahren massiv in die Sicherheit der Scheiben investiert, wie man an folgendem Video sehen kann:<\/p>\n\n\n\n<iframe src=\"https:\/\/www.youtube-nocookie.com\/embed\/sSrtu8gJxMs\" allow=\"accelerometer; autoplay; encrypted-media; gyroscope; picture-in-picture\" allowfullscreen=\"\" width=\"560\" height=\"315\" frameborder=\"0\"><\/iframe>\n\n\n\n<p align=\"justify\">Ein Hammer trifft auf einer kanadischen Autobahn die Windschutzscheibe eines Tesla Model 3. Dabei wurden weder der Fahrer verletzt noch ist die Scheibe rausgefallen.<\/p>\n\n\n\n<p align=\"justify\">Ich w\u00fcnsche Ihnen weiterhin gute Fahrt! Bei Fragen oder f\u00fcr Anregungen freue ich mich \u00fcber Ihre Nachricht.<\/p>\n\n\n\n<p>Beste Gr\u00fc\u00dfe<br>Ihre Marlene Buchinger<\/p>\n","protected":false},"excerpt":{"rendered":"<p>E-Auto-Alltag: Unser E-Fahrzeug hat mittlerweile knapp 130.000 Kilometer auf dem Tacho und bisher gab es keine nennenswerten Reparaturen oder Verschlei\u00dferscheinungen.<\/p>\n","protected":false},"author":1,"featured_media":2524,"comment_status":"closed","ping_status":"open","sticky":false,"template":"","format":"standard","meta":{"neve_meta_sidebar":"","neve_meta_container":"","neve_meta_enable_content_width":"","neve_meta_content_width":0,"neve_meta_title_alignment":"","neve_meta_author_avatar":"","neve_post_elements_order":"","neve_meta_disable_header":"","neve_meta_disable_footer":"","neve_meta_disable_title":"","footnotes":""},"categories":[185,188],"tags":[53,76,77,78,38],"class_list":["post-758","post","type-post","status-publish","format-standard","has-post-thumbnail","hentry","category-mobilitaet","category-praxis","tag-batterie","tag-e-auto","tag-e-vielfahrer","tag-elon-musk","tag-tesla"],"yoast_head":"<!-- This site is optimized with the Yoast SEO plugin v26.8 - https:\/\/yoast.com\/product\/yoast-seo-wordpress\/ -->\n<title>E-Auto-Alltag - ein Praxisbericht - #RestartThinking<\/title>\n<meta name=\"description\" content=\"E-Auto-Alltag. Unser Fahrzeug hat mittlerweile fast 130.000 Kilometer auf dem Tacho und bisher gab es keine nennenswerten Reparaturen.\" \/>\n<meta name=\"robots\" content=\"index, follow, max-snippet:-1, max-image-preview:large, max-video-preview:-1\" \/>\n<link rel=\"canonical\" href=\"https:\/\/www.buchingerkuduz.com\/blog\/e-auto-alltag-ein-praxisbericht\/\" \/>\n<meta property=\"og:locale\" content=\"de_DE\" \/>\n<meta property=\"og:type\" content=\"article\" \/>\n<meta property=\"og:title\" content=\"E-Auto-Alltag - ein Praxisbericht - #RestartThinking\" \/>\n<meta property=\"og:description\" content=\"E-Auto-Alltag. Unser Fahrzeug hat mittlerweile fast 130.000 Kilometer auf dem Tacho und bisher gab es keine nennenswerten Reparaturen.\" \/>\n<meta property=\"og:url\" content=\"https:\/\/www.buchingerkuduz.com\/blog\/e-auto-alltag-ein-praxisbericht\/\" \/>\n<meta property=\"og:site_name\" content=\"#RestartThinking\" \/>\n<meta property=\"article:published_time\" content=\"2020-02-20T06:42:00+00:00\" \/>\n<meta property=\"article:modified_time\" content=\"2022-03-14T11:53:44+00:00\" \/>\n<meta property=\"og:image\" content=\"https:\/\/www.buchingerkuduz.com\/blog\/wp-content\/uploads\/2022\/03\/RestartThinking-Blog_E-Auto-Alltag-Praxisbericht.jpg\" \/>\n\t<meta property=\"og:image:width\" content=\"730\" \/>\n\t<meta property=\"og:image:height\" content=\"420\" \/>\n\t<meta property=\"og:image:type\" content=\"image\/jpeg\" \/>\n<meta name=\"author\" content=\"RestartThinking\" \/>\n<meta name=\"twitter:card\" content=\"summary_large_image\" \/>\n<meta name=\"twitter:label1\" content=\"Verfasst von\" \/>\n\t<meta name=\"twitter:data1\" content=\"RestartThinking\" \/>\n\t<meta name=\"twitter:label2\" content=\"Gesch\u00e4tzte Lesezeit\" \/>\n\t<meta name=\"twitter:data2\" content=\"4\u00a0Minuten\" \/>\n<script type=\"application\/ld+json\" class=\"yoast-schema-graph\">{\"@context\":\"https:\/\/schema.org\",\"@graph\":[{\"@type\":\"Article\",\"@id\":\"https:\/\/www.buchingerkuduz.com\/blog\/e-auto-alltag-ein-praxisbericht\/#article\",\"isPartOf\":{\"@id\":\"https:\/\/www.buchingerkuduz.com\/blog\/e-auto-alltag-ein-praxisbericht\/\"},\"author\":{\"name\":\"RestartThinking\",\"@id\":\"https:\/\/www.buchingerkuduz.com\/blog\/#\/schema\/person\/89b9c30cecbcd2f411a145fac4d350d3\"},\"headline\":\"E-Auto-Alltag &#8211; ein Praxisbericht\",\"datePublished\":\"2020-02-20T06:42:00+00:00\",\"dateModified\":\"2022-03-14T11:53:44+00:00\",\"mainEntityOfPage\":{\"@id\":\"https:\/\/www.buchingerkuduz.com\/blog\/e-auto-alltag-ein-praxisbericht\/\"},\"wordCount\":643,\"publisher\":{\"@id\":\"https:\/\/www.buchingerkuduz.com\/blog\/#organization\"},\"image\":{\"@id\":\"https:\/\/www.buchingerkuduz.com\/blog\/e-auto-alltag-ein-praxisbericht\/#primaryimage\"},\"thumbnailUrl\":\"https:\/\/www.buchingerkuduz.com\/blog\/wp-content\/uploads\/2022\/03\/RestartThinking-Blog_E-Auto-Alltag-Praxisbericht.jpg\",\"keywords\":[\"Batterie\",\"E-Auto\",\"E-Vielfahrer\",\"Elon Musk\",\"Tesla\"],\"articleSection\":[\"Mobilit\u00e4tswende\",\"Praxis\"],\"inLanguage\":\"de\"},{\"@type\":\"WebPage\",\"@id\":\"https:\/\/www.buchingerkuduz.com\/blog\/e-auto-alltag-ein-praxisbericht\/\",\"url\":\"https:\/\/www.buchingerkuduz.com\/blog\/e-auto-alltag-ein-praxisbericht\/\",\"name\":\"E-Auto-Alltag - ein Praxisbericht - #RestartThinking\",\"isPartOf\":{\"@id\":\"https:\/\/www.buchingerkuduz.com\/blog\/#website\"},\"primaryImageOfPage\":{\"@id\":\"https:\/\/www.buchingerkuduz.com\/blog\/e-auto-alltag-ein-praxisbericht\/#primaryimage\"},\"image\":{\"@id\":\"https:\/\/www.buchingerkuduz.com\/blog\/e-auto-alltag-ein-praxisbericht\/#primaryimage\"},\"thumbnailUrl\":\"https:\/\/www.buchingerkuduz.com\/blog\/wp-content\/uploads\/2022\/03\/RestartThinking-Blog_E-Auto-Alltag-Praxisbericht.jpg\",\"datePublished\":\"2020-02-20T06:42:00+00:00\",\"dateModified\":\"2022-03-14T11:53:44+00:00\",\"description\":\"E-Auto-Alltag. Unser Fahrzeug hat mittlerweile fast 130.000 Kilometer auf dem Tacho und bisher gab es keine nennenswerten Reparaturen.\",\"breadcrumb\":{\"@id\":\"https:\/\/www.buchingerkuduz.com\/blog\/e-auto-alltag-ein-praxisbericht\/#breadcrumb\"},\"inLanguage\":\"de\",\"potentialAction\":[{\"@type\":\"ReadAction\",\"target\":[\"https:\/\/www.buchingerkuduz.com\/blog\/e-auto-alltag-ein-praxisbericht\/\"]}]},{\"@type\":\"ImageObject\",\"inLanguage\":\"de\",\"@id\":\"https:\/\/www.buchingerkuduz.com\/blog\/e-auto-alltag-ein-praxisbericht\/#primaryimage\",\"url\":\"https:\/\/www.buchingerkuduz.com\/blog\/wp-content\/uploads\/2022\/03\/RestartThinking-Blog_E-Auto-Alltag-Praxisbericht.jpg\",\"contentUrl\":\"https:\/\/www.buchingerkuduz.com\/blog\/wp-content\/uploads\/2022\/03\/RestartThinking-Blog_E-Auto-Alltag-Praxisbericht.jpg\",\"width\":730,\"height\":420,\"caption\":\"Der Alltag von E-Auto-FahrerInnen\"},{\"@type\":\"BreadcrumbList\",\"@id\":\"https:\/\/www.buchingerkuduz.com\/blog\/e-auto-alltag-ein-praxisbericht\/#breadcrumb\",\"itemListElement\":[{\"@type\":\"ListItem\",\"position\":1,\"name\":\"Startseite\",\"item\":\"https:\/\/www.buchingerkuduz.com\/blog\/\"},{\"@type\":\"ListItem\",\"position\":2,\"name\":\"E-Auto-Alltag &#8211; ein Praxisbericht\"}]},{\"@type\":\"WebSite\",\"@id\":\"https:\/\/www.buchingerkuduz.com\/blog\/#website\",\"url\":\"https:\/\/www.buchingerkuduz.com\/blog\/\",\"name\":\"Restart Thinking\",\"description\":\"Ver\u00e4nderung. Denken. K\u00f6nnen.\",\"publisher\":{\"@id\":\"https:\/\/www.buchingerkuduz.com\/blog\/#organization\"},\"potentialAction\":[{\"@type\":\"SearchAction\",\"target\":{\"@type\":\"EntryPoint\",\"urlTemplate\":\"https:\/\/www.buchingerkuduz.com\/blog\/?s={search_term_string}\"},\"query-input\":{\"@type\":\"PropertyValueSpecification\",\"valueRequired\":true,\"valueName\":\"search_term_string\"}}],\"inLanguage\":\"de\"},{\"@type\":\"Organization\",\"@id\":\"https:\/\/www.buchingerkuduz.com\/blog\/#organization\",\"name\":\"Buchinger|Kuduz Dr. Mario Buchinger\",\"url\":\"https:\/\/www.buchingerkuduz.com\/blog\/\",\"logo\":{\"@type\":\"ImageObject\",\"inLanguage\":\"de\",\"@id\":\"https:\/\/www.buchingerkuduz.com\/blog\/#\/schema\/logo\/image\/\",\"url\":\"https:\/\/www.buchingerkuduz.com\/blog\/wp-content\/uploads\/2022\/03\/Logo_RestartThinking_pict_klein.png\",\"contentUrl\":\"https:\/\/www.buchingerkuduz.com\/blog\/wp-content\/uploads\/2022\/03\/Logo_RestartThinking_pict_klein.png\",\"width\":107,\"height\":80,\"caption\":\"Buchinger|Kuduz Dr. Mario Buchinger\"},\"image\":{\"@id\":\"https:\/\/www.buchingerkuduz.com\/blog\/#\/schema\/logo\/image\/\"},\"sameAs\":[\"https:\/\/www.linkedin.com\/company\/buchinger-kuduz\",\"https:\/\/www.youtube.com\/channel\/UCIm38XbFgUFykYVQXPSpxTw\/feed\"]},{\"@type\":\"Person\",\"@id\":\"https:\/\/www.buchingerkuduz.com\/blog\/#\/schema\/person\/89b9c30cecbcd2f411a145fac4d350d3\",\"name\":\"RestartThinking\",\"image\":{\"@type\":\"ImageObject\",\"inLanguage\":\"de\",\"@id\":\"https:\/\/www.buchingerkuduz.com\/blog\/#\/schema\/person\/image\/\",\"url\":\"https:\/\/secure.gravatar.com\/avatar\/f61ba9a6dd9e21e7c9e19e340960e47b?s=96&d=mm&r=g\",\"contentUrl\":\"https:\/\/secure.gravatar.com\/avatar\/f61ba9a6dd9e21e7c9e19e340960e47b?s=96&d=mm&r=g\",\"caption\":\"RestartThinking\"}}]}<\/script>\n<!-- \/ Yoast SEO plugin. -->","yoast_head_json":{"title":"E-Auto-Alltag - ein Praxisbericht - #RestartThinking","description":"E-Auto-Alltag. Unser Fahrzeug hat mittlerweile fast 130.000 Kilometer auf dem Tacho und bisher gab es keine nennenswerten Reparaturen.","robots":{"index":"index","follow":"follow","max-snippet":"max-snippet:-1","max-image-preview":"max-image-preview:large","max-video-preview":"max-video-preview:-1"},"canonical":"https:\/\/www.buchingerkuduz.com\/blog\/e-auto-alltag-ein-praxisbericht\/","og_locale":"de_DE","og_type":"article","og_title":"E-Auto-Alltag - ein Praxisbericht - #RestartThinking","og_description":"E-Auto-Alltag. Unser Fahrzeug hat mittlerweile fast 130.000 Kilometer auf dem Tacho und bisher gab es keine nennenswerten Reparaturen.","og_url":"https:\/\/www.buchingerkuduz.com\/blog\/e-auto-alltag-ein-praxisbericht\/","og_site_name":"#RestartThinking","article_published_time":"2020-02-20T06:42:00+00:00","article_modified_time":"2022-03-14T11:53:44+00:00","og_image":[{"width":730,"height":420,"url":"https:\/\/www.buchingerkuduz.com\/blog\/wp-content\/uploads\/2022\/03\/RestartThinking-Blog_E-Auto-Alltag-Praxisbericht.jpg","type":"image\/jpeg"}],"author":"RestartThinking","twitter_card":"summary_large_image","twitter_misc":{"Verfasst von":"RestartThinking","Gesch\u00e4tzte Lesezeit":"4\u00a0Minuten"},"schema":{"@context":"https:\/\/schema.org","@graph":[{"@type":"Article","@id":"https:\/\/www.buchingerkuduz.com\/blog\/e-auto-alltag-ein-praxisbericht\/#article","isPartOf":{"@id":"https:\/\/www.buchingerkuduz.com\/blog\/e-auto-alltag-ein-praxisbericht\/"},"author":{"name":"RestartThinking","@id":"https:\/\/www.buchingerkuduz.com\/blog\/#\/schema\/person\/89b9c30cecbcd2f411a145fac4d350d3"},"headline":"E-Auto-Alltag &#8211; ein Praxisbericht","datePublished":"2020-02-20T06:42:00+00:00","dateModified":"2022-03-14T11:53:44+00:00","mainEntityOfPage":{"@id":"https:\/\/www.buchingerkuduz.com\/blog\/e-auto-alltag-ein-praxisbericht\/"},"wordCount":643,"publisher":{"@id":"https:\/\/www.buchingerkuduz.com\/blog\/#organization"},"image":{"@id":"https:\/\/www.buchingerkuduz.com\/blog\/e-auto-alltag-ein-praxisbericht\/#primaryimage"},"thumbnailUrl":"https:\/\/www.buchingerkuduz.com\/blog\/wp-content\/uploads\/2022\/03\/RestartThinking-Blog_E-Auto-Alltag-Praxisbericht.jpg","keywords":["Batterie","E-Auto","E-Vielfahrer","Elon Musk","Tesla"],"articleSection":["Mobilit\u00e4tswende","Praxis"],"inLanguage":"de"},{"@type":"WebPage","@id":"https:\/\/www.buchingerkuduz.com\/blog\/e-auto-alltag-ein-praxisbericht\/","url":"https:\/\/www.buchingerkuduz.com\/blog\/e-auto-alltag-ein-praxisbericht\/","name":"E-Auto-Alltag - ein Praxisbericht - #RestartThinking","isPartOf":{"@id":"https:\/\/www.buchingerkuduz.com\/blog\/#website"},"primaryImageOfPage":{"@id":"https:\/\/www.buchingerkuduz.com\/blog\/e-auto-alltag-ein-praxisbericht\/#primaryimage"},"image":{"@id":"https:\/\/www.buchingerkuduz.com\/blog\/e-auto-alltag-ein-praxisbericht\/#primaryimage"},"thumbnailUrl":"https:\/\/www.buchingerkuduz.com\/blog\/wp-content\/uploads\/2022\/03\/RestartThinking-Blog_E-Auto-Alltag-Praxisbericht.jpg","datePublished":"2020-02-20T06:42:00+00:00","dateModified":"2022-03-14T11:53:44+00:00","description":"E-Auto-Alltag. Unser Fahrzeug hat mittlerweile fast 130.000 Kilometer auf dem Tacho und bisher gab es keine nennenswerten Reparaturen.","breadcrumb":{"@id":"https:\/\/www.buchingerkuduz.com\/blog\/e-auto-alltag-ein-praxisbericht\/#breadcrumb"},"inLanguage":"de","potentialAction":[{"@type":"ReadAction","target":["https:\/\/www.buchingerkuduz.com\/blog\/e-auto-alltag-ein-praxisbericht\/"]}]},{"@type":"ImageObject","inLanguage":"de","@id":"https:\/\/www.buchingerkuduz.com\/blog\/e-auto-alltag-ein-praxisbericht\/#primaryimage","url":"https:\/\/www.buchingerkuduz.com\/blog\/wp-content\/uploads\/2022\/03\/RestartThinking-Blog_E-Auto-Alltag-Praxisbericht.jpg","contentUrl":"https:\/\/www.buchingerkuduz.com\/blog\/wp-content\/uploads\/2022\/03\/RestartThinking-Blog_E-Auto-Alltag-Praxisbericht.jpg","width":730,"height":420,"caption":"Der Alltag von E-Auto-FahrerInnen"},{"@type":"BreadcrumbList","@id":"https:\/\/www.buchingerkuduz.com\/blog\/e-auto-alltag-ein-praxisbericht\/#breadcrumb","itemListElement":[{"@type":"ListItem","position":1,"name":"Startseite","item":"https:\/\/www.buchingerkuduz.com\/blog\/"},{"@type":"ListItem","position":2,"name":"E-Auto-Alltag &#8211; ein Praxisbericht"}]},{"@type":"WebSite","@id":"https:\/\/www.buchingerkuduz.com\/blog\/#website","url":"https:\/\/www.buchingerkuduz.com\/blog\/","name":"Restart Thinking","description":"Ver\u00e4nderung. Denken. K\u00f6nnen.","publisher":{"@id":"https:\/\/www.buchingerkuduz.com\/blog\/#organization"},"potentialAction":[{"@type":"SearchAction","target":{"@type":"EntryPoint","urlTemplate":"https:\/\/www.buchingerkuduz.com\/blog\/?s={search_term_string}"},"query-input":{"@type":"PropertyValueSpecification","valueRequired":true,"valueName":"search_term_string"}}],"inLanguage":"de"},{"@type":"Organization","@id":"https:\/\/www.buchingerkuduz.com\/blog\/#organization","name":"Buchinger|Kuduz Dr. Mario Buchinger","url":"https:\/\/www.buchingerkuduz.com\/blog\/","logo":{"@type":"ImageObject","inLanguage":"de","@id":"https:\/\/www.buchingerkuduz.com\/blog\/#\/schema\/logo\/image\/","url":"https:\/\/www.buchingerkuduz.com\/blog\/wp-content\/uploads\/2022\/03\/Logo_RestartThinking_pict_klein.png","contentUrl":"https:\/\/www.buchingerkuduz.com\/blog\/wp-content\/uploads\/2022\/03\/Logo_RestartThinking_pict_klein.png","width":107,"height":80,"caption":"Buchinger|Kuduz Dr. Mario Buchinger"},"image":{"@id":"https:\/\/www.buchingerkuduz.com\/blog\/#\/schema\/logo\/image\/"},"sameAs":["https:\/\/www.linkedin.com\/company\/buchinger-kuduz","https:\/\/www.youtube.com\/channel\/UCIm38XbFgUFykYVQXPSpxTw\/feed"]},{"@type":"Person","@id":"https:\/\/www.buchingerkuduz.com\/blog\/#\/schema\/person\/89b9c30cecbcd2f411a145fac4d350d3","name":"RestartThinking","image":{"@type":"ImageObject","inLanguage":"de","@id":"https:\/\/www.buchingerkuduz.com\/blog\/#\/schema\/person\/image\/","url":"https:\/\/secure.gravatar.com\/avatar\/f61ba9a6dd9e21e7c9e19e340960e47b?s=96&d=mm&r=g","contentUrl":"https:\/\/secure.gravatar.com\/avatar\/f61ba9a6dd9e21e7c9e19e340960e47b?s=96&d=mm&r=g","caption":"RestartThinking"}}]}},"_links":{"self":[{"href":"https:\/\/www.buchingerkuduz.com\/blog\/wp-json\/wp\/v2\/posts\/758","targetHints":{"allow":["GET"]}}],"collection":[{"href":"https:\/\/www.buchingerkuduz.com\/blog\/wp-json\/wp\/v2\/posts"}],"about":[{"href":"https:\/\/www.buchingerkuduz.com\/blog\/wp-json\/wp\/v2\/types\/post"}],"author":[{"embeddable":true,"href":"https:\/\/www.buchingerkuduz.com\/blog\/wp-json\/wp\/v2\/users\/1"}],"replies":[{"embeddable":true,"href":"https:\/\/www.buchingerkuduz.com\/blog\/wp-json\/wp\/v2\/comments?post=758"}],"version-history":[{"count":0,"href":"https:\/\/www.buchingerkuduz.com\/blog\/wp-json\/wp\/v2\/posts\/758\/revisions"}],"wp:featuredmedia":[{"embeddable":true,"href":"https:\/\/www.buchingerkuduz.com\/blog\/wp-json\/wp\/v2\/media\/2524"}],"wp:attachment":[{"href":"https:\/\/www.buchingerkuduz.com\/blog\/wp-json\/wp\/v2\/media?parent=758"}],"wp:term":[{"taxonomy":"category","embeddable":true,"href":"https:\/\/www.buchingerkuduz.com\/blog\/wp-json\/wp\/v2\/categories?post=758"},{"taxonomy":"post_tag","embeddable":true,"href":"https:\/\/www.buchingerkuduz.com\/blog\/wp-json\/wp\/v2\/tags?post=758"}],"curies":[{"name":"wp","href":"https:\/\/api.w.org\/{rel}","templated":true}]}}