{"id":77,"date":"2016-06-15T10:34:21","date_gmt":"2016-06-15T08:34:21","guid":{"rendered":"https:\/\/www.buchingerkuduz.com\/blog\/?p=77"},"modified":"2022-03-27T18:19:53","modified_gmt":"2022-03-27T16:19:53","slug":"technologie-im-wandel","status":"publish","type":"post","link":"https:\/\/www.buchingerkuduz.com\/blog\/technologie-im-wandel\/","title":{"rendered":"Technologie im Wandel"},"content":{"rendered":"<p align=\"justify\">So lautete der Titel der zweit\u00e4gigen Veranstaltung von Rohde &amp; Schwarz, die am 9. und 10. Juni in Teisnach im Bayrischen Wald stattfand. Hochkar\u00e4tige Vortragende und eine interessante Leistungsschau (u.a. Leiterplattenproduktion, Medizintechnik und die gr\u00f6\u00dfte Senderfertigung der Welt) machten das Programm sehr kurzweilig. Und immer wieder kam ein Thema zur Sprache: <strong>Elektromobilit\u00e4t<\/strong><\/p>\n<p>Die Podiumsdiskussion mit<\/p>\n<li>Roland Sch\u00fcren, B\u00e4ckermeister und Betriebswirt,<\/li>\n<li>Michael Dell, Querdenker und Innovator,<\/li>\n<li>Mario Buchinger, Unternehmensentwickler und selbst E-Fahrer und<\/li>\n<li>Anton Achatz, COO von Ewald, einer lokalen E-Car-Sharing Initiative<\/li>\n<p align=\"justify\">brachte den Zuh\u00f6rern interessante Erkenntnisse \u00fcber die anstehenden Ver\u00e4nderungen in der deutschen Autoindustrie, die technischen Herausforderungen und m\u00f6gliche Zukunftsszenarien.<\/p>\n<p align=\"justify\">Ein wichtiger Punkt in Bezug auf Erneuerbare Energien und Elektromobilit\u00e4t ist immer eine sinnvolle Kombination der vorhandenen Ressourcen und dass auch kleine bzw. regionale Projekte viel beitragen k\u00f6nnen.<\/p>\n<p align=\"justify\">Roland Sch\u00fcren zeigte am Beispiel seiner Gro\u00dfb\u00e4ckerei, wie man mittels Biomasseheizkraftwerk, Wasserspeicher f\u00fcr die Erdw\u00e4rmek\u00fchlung, R\u00fcckgewinnung der Heiz- und Prozessw\u00e4rme und Photovoltaik \u00fcber 50 Prozent des Strombedarfes einsparen kann und dabei noch eine CO2-Ersparnis von \u00fcber 90 Prozent erzielt. Als Betriebswirt standen f\u00fcr ihn auch wirtschaftliche Gesichtspunkte im Fokus, aber &#8222;von manchen Dingen muss man auch einfach \u00fcberzeugt sein&#8220;.<\/p>\n<p align=\"justify\">Der B\u00e4cker wird als n\u00e4chstes Projekt seine Lieferfahrzeuge auf Batteriebetrieb umr\u00fcsten und die \u00fcbersch\u00fcssige Energie der Photovoltaikanlage in den Autos speichern. Dank intelligentem Lademanagement wird die \u00fcbersch\u00fcssige Energie aus den Autos in der Nacht in den Backprozesse zur\u00fcck gespeist. Er n\u00e4hert sich langsam dem Perpetuum mobile&#8230;<\/p>\n<p>Ein Satz blieb w\u00e4hrend der Diskussion ganz besonders in Erinnerung:<\/p>\n<blockquote><p>Mit eigenem Strom zu fahren, ist wie Gem\u00fcse aus dem eigenen Garten zu ernten.<\/p><\/blockquote>\n<p>Lieber Roland Sch\u00fcren, vielen Dank f\u00fcr diese bildhafte Aussage!<\/p>\n","protected":false},"excerpt":{"rendered":"<p>So lautete der Titel der zweit\u00e4gigen Veranstaltung von Rohde &amp; Schwarz, die am 9. und 10. Juni in Teisnach im Bayrischen Wald stattfand. Hochkar\u00e4tige Vortragende und eine interessante Leistungsschau (u.a. Leiterplattenproduktion, Medizintechnik und die gr\u00f6\u00dfte Senderfertigung der Welt) machten das Programm sehr kurzweilig. Und immer wieder kam ein Thema zur Sprache: Elektromobilit\u00e4t Die Podiumsdiskussion mit Roland Sch\u00fcren, B\u00e4ckermeister und Betriebswirt, Michael Dell, Querdenker und Innovator, Mario Buchinger, Unternehmensentwickler und selbst E-Fahrer und Anton Achatz, COO von Ewald, einer lokalen E-Car-Sharing Initiative brachte den Zuh\u00f6rern interessante Erkenntnisse \u00fcber die anstehenden Ver\u00e4nderungen in der deutschen Autoindustrie, die technischen Herausforderungen und m\u00f6gliche Zukunftsszenarien. Ein wichtiger Punkt in Bezug auf Erneuerbare Energien und Elektromobilit\u00e4t ist immer eine sinnvolle Kombination der vorhandenen Ressourcen und dass auch kleine bzw. regionale Projekte viel beitragen k\u00f6nnen. Roland Sch\u00fcren zeigte am Beispiel seiner Gro\u00dfb\u00e4ckerei, wie man mittels Biomasseheizkraftwerk, Wasserspeicher f\u00fcr die Erdw\u00e4rmek\u00fchlung, R\u00fcckgewinnung der Heiz- und Prozessw\u00e4rme und Photovoltaik \u00fcber 50 Prozent des Strombedarfes einsparen kann und dabei noch eine CO2-Ersparnis von \u00fcber 90 Prozent erzielt. Als Betriebswirt standen f\u00fcr ihn auch wirtschaftliche Gesichtspunkte im Fokus, aber &#8222;von manchen Dingen muss man auch einfach \u00fcberzeugt sein&#8220;. Der B\u00e4cker wird als n\u00e4chstes Projekt seine Lieferfahrzeuge auf Batteriebetrieb umr\u00fcsten und die \u00fcbersch\u00fcssige Energie der Photovoltaikanlage in den Autos speichern. Dank intelligentem Lademanagement wird die \u00fcbersch\u00fcssige Energie aus den Autos in der Nacht in den Backprozesse zur\u00fcck gespeist. Er n\u00e4hert sich langsam dem Perpetuum mobile&#8230; Ein Satz blieb w\u00e4hrend der Diskussion ganz besonders in Erinnerung: Mit eigenem Strom zu fahren, ist wie Gem\u00fcse aus dem eigenen Garten zu ernten. Lieber Roland Sch\u00fcren, vielen Dank f\u00fcr diese bildhafte Aussage!<\/p>\n","protected":false},"author":1,"featured_media":3535,"comment_status":"closed","ping_status":"closed","sticky":false,"template":"","format":"standard","meta":{"neve_meta_sidebar":"","neve_meta_container":"","neve_meta_enable_content_width":"","neve_meta_content_width":0,"neve_meta_title_alignment":"","neve_meta_author_avatar":"","neve_post_elements_order":"","neve_meta_disable_header":"","neve_meta_disable_footer":"","neve_meta_disable_title":"","footnotes":""},"categories":[185],"tags":[],"class_list":["post-77","post","type-post","status-publish","format-standard","has-post-thumbnail","hentry","category-mobilitaet"],"yoast_head":"<!-- This site is optimized with the Yoast SEO plugin v26.8 - https:\/\/yoast.com\/product\/yoast-seo-wordpress\/ -->\n<title>Technologie im Wandel - #RestartThinking<\/title>\n<meta name=\"robots\" content=\"index, follow, max-snippet:-1, max-image-preview:large, max-video-preview:-1\" \/>\n<link rel=\"canonical\" href=\"https:\/\/www.buchingerkuduz.com\/blog\/technologie-im-wandel\/\" \/>\n<meta property=\"og:locale\" content=\"de_DE\" \/>\n<meta property=\"og:type\" content=\"article\" \/>\n<meta property=\"og:title\" content=\"Technologie im Wandel - #RestartThinking\" \/>\n<meta property=\"og:description\" content=\"So lautete der Titel der zweit\u00e4gigen Veranstaltung von Rohde &amp; Schwarz, die am 9. und 10. Juni in Teisnach im Bayrischen Wald stattfand. Hochkar\u00e4tige Vortragende und eine interessante Leistungsschau (u.a. Leiterplattenproduktion, Medizintechnik und die gr\u00f6\u00dfte Senderfertigung der Welt) machten das Programm sehr kurzweilig. Und immer wieder kam ein Thema zur Sprache: Elektromobilit\u00e4t Die Podiumsdiskussion mit Roland Sch\u00fcren, B\u00e4ckermeister und Betriebswirt, Michael Dell, Querdenker und Innovator, Mario Buchinger, Unternehmensentwickler und selbst E-Fahrer und Anton Achatz, COO von Ewald, einer lokalen E-Car-Sharing Initiative brachte den Zuh\u00f6rern interessante Erkenntnisse \u00fcber die anstehenden Ver\u00e4nderungen in der deutschen Autoindustrie, die technischen Herausforderungen und m\u00f6gliche Zukunftsszenarien. Ein wichtiger Punkt in Bezug auf Erneuerbare Energien und Elektromobilit\u00e4t ist immer eine sinnvolle Kombination der vorhandenen Ressourcen und dass auch kleine bzw. regionale Projekte viel beitragen k\u00f6nnen. Roland Sch\u00fcren zeigte am Beispiel seiner Gro\u00dfb\u00e4ckerei, wie man mittels Biomasseheizkraftwerk, Wasserspeicher f\u00fcr die Erdw\u00e4rmek\u00fchlung, R\u00fcckgewinnung der Heiz- und Prozessw\u00e4rme und Photovoltaik \u00fcber 50 Prozent des Strombedarfes einsparen kann und dabei noch eine CO2-Ersparnis von \u00fcber 90 Prozent erzielt. Als Betriebswirt standen f\u00fcr ihn auch wirtschaftliche Gesichtspunkte im Fokus, aber &#8222;von manchen Dingen muss man auch einfach \u00fcberzeugt sein&#8220;. Der B\u00e4cker wird als n\u00e4chstes Projekt seine Lieferfahrzeuge auf Batteriebetrieb umr\u00fcsten und die \u00fcbersch\u00fcssige Energie der Photovoltaikanlage in den Autos speichern. Dank intelligentem Lademanagement wird die \u00fcbersch\u00fcssige Energie aus den Autos in der Nacht in den Backprozesse zur\u00fcck gespeist. Er n\u00e4hert sich langsam dem Perpetuum mobile&#8230; Ein Satz blieb w\u00e4hrend der Diskussion ganz besonders in Erinnerung: Mit eigenem Strom zu fahren, ist wie Gem\u00fcse aus dem eigenen Garten zu ernten. Lieber Roland Sch\u00fcren, vielen Dank f\u00fcr diese bildhafte Aussage!\" \/>\n<meta property=\"og:url\" content=\"https:\/\/www.buchingerkuduz.com\/blog\/technologie-im-wandel\/\" \/>\n<meta property=\"og:site_name\" content=\"#RestartThinking\" \/>\n<meta property=\"article:published_time\" content=\"2016-06-15T08:34:21+00:00\" \/>\n<meta property=\"article:modified_time\" content=\"2022-03-27T16:19:53+00:00\" \/>\n<meta property=\"og:image\" content=\"https:\/\/www.buchingerkuduz.com\/blog\/wp-content\/uploads\/2022\/03\/RestartThinking-Blog_Technologie-im-Wandel.jpg\" \/>\n\t<meta property=\"og:image:width\" content=\"730\" \/>\n\t<meta property=\"og:image:height\" content=\"420\" \/>\n\t<meta property=\"og:image:type\" content=\"image\/jpeg\" \/>\n<meta name=\"author\" content=\"RestartThinking\" \/>\n<meta name=\"twitter:card\" content=\"summary_large_image\" \/>\n<meta name=\"twitter:label1\" content=\"Verfasst von\" \/>\n\t<meta name=\"twitter:data1\" content=\"RestartThinking\" \/>\n\t<meta name=\"twitter:label2\" content=\"Gesch\u00e4tzte Lesezeit\" \/>\n\t<meta name=\"twitter:data2\" content=\"2\u00a0Minuten\" \/>\n<script type=\"application\/ld+json\" class=\"yoast-schema-graph\">{\"@context\":\"https:\/\/schema.org\",\"@graph\":[{\"@type\":\"Article\",\"@id\":\"https:\/\/www.buchingerkuduz.com\/blog\/technologie-im-wandel\/#article\",\"isPartOf\":{\"@id\":\"https:\/\/www.buchingerkuduz.com\/blog\/technologie-im-wandel\/\"},\"author\":{\"name\":\"RestartThinking\",\"@id\":\"https:\/\/www.buchingerkuduz.com\/blog\/#\/schema\/person\/89b9c30cecbcd2f411a145fac4d350d3\"},\"headline\":\"Technologie im Wandel\",\"datePublished\":\"2016-06-15T08:34:21+00:00\",\"dateModified\":\"2022-03-27T16:19:53+00:00\",\"mainEntityOfPage\":{\"@id\":\"https:\/\/www.buchingerkuduz.com\/blog\/technologie-im-wandel\/\"},\"wordCount\":298,\"publisher\":{\"@id\":\"https:\/\/www.buchingerkuduz.com\/blog\/#organization\"},\"image\":{\"@id\":\"https:\/\/www.buchingerkuduz.com\/blog\/technologie-im-wandel\/#primaryimage\"},\"thumbnailUrl\":\"https:\/\/www.buchingerkuduz.com\/blog\/wp-content\/uploads\/2022\/03\/RestartThinking-Blog_Technologie-im-Wandel.jpg\",\"articleSection\":[\"Mobilit\u00e4tswende\"],\"inLanguage\":\"de\"},{\"@type\":\"WebPage\",\"@id\":\"https:\/\/www.buchingerkuduz.com\/blog\/technologie-im-wandel\/\",\"url\":\"https:\/\/www.buchingerkuduz.com\/blog\/technologie-im-wandel\/\",\"name\":\"Technologie im Wandel - #RestartThinking\",\"isPartOf\":{\"@id\":\"https:\/\/www.buchingerkuduz.com\/blog\/#website\"},\"primaryImageOfPage\":{\"@id\":\"https:\/\/www.buchingerkuduz.com\/blog\/technologie-im-wandel\/#primaryimage\"},\"image\":{\"@id\":\"https:\/\/www.buchingerkuduz.com\/blog\/technologie-im-wandel\/#primaryimage\"},\"thumbnailUrl\":\"https:\/\/www.buchingerkuduz.com\/blog\/wp-content\/uploads\/2022\/03\/RestartThinking-Blog_Technologie-im-Wandel.jpg\",\"datePublished\":\"2016-06-15T08:34:21+00:00\",\"dateModified\":\"2022-03-27T16:19:53+00:00\",\"breadcrumb\":{\"@id\":\"https:\/\/www.buchingerkuduz.com\/blog\/technologie-im-wandel\/#breadcrumb\"},\"inLanguage\":\"de\",\"potentialAction\":[{\"@type\":\"ReadAction\",\"target\":[\"https:\/\/www.buchingerkuduz.com\/blog\/technologie-im-wandel\/\"]}]},{\"@type\":\"ImageObject\",\"inLanguage\":\"de\",\"@id\":\"https:\/\/www.buchingerkuduz.com\/blog\/technologie-im-wandel\/#primaryimage\",\"url\":\"https:\/\/www.buchingerkuduz.com\/blog\/wp-content\/uploads\/2022\/03\/RestartThinking-Blog_Technologie-im-Wandel.jpg\",\"contentUrl\":\"https:\/\/www.buchingerkuduz.com\/blog\/wp-content\/uploads\/2022\/03\/RestartThinking-Blog_Technologie-im-Wandel.jpg\",\"width\":730,\"height\":420,\"caption\":\"Technologie im Wandel - Vortrag und Podiumsdiskussion von und mit Dr. Mario Buchinger\"},{\"@type\":\"BreadcrumbList\",\"@id\":\"https:\/\/www.buchingerkuduz.com\/blog\/technologie-im-wandel\/#breadcrumb\",\"itemListElement\":[{\"@type\":\"ListItem\",\"position\":1,\"name\":\"Startseite\",\"item\":\"https:\/\/www.buchingerkuduz.com\/blog\/\"},{\"@type\":\"ListItem\",\"position\":2,\"name\":\"Technologie im Wandel\"}]},{\"@type\":\"WebSite\",\"@id\":\"https:\/\/www.buchingerkuduz.com\/blog\/#website\",\"url\":\"https:\/\/www.buchingerkuduz.com\/blog\/\",\"name\":\"Restart Thinking\",\"description\":\"Ver\u00e4nderung. Denken. K\u00f6nnen.\",\"publisher\":{\"@id\":\"https:\/\/www.buchingerkuduz.com\/blog\/#organization\"},\"potentialAction\":[{\"@type\":\"SearchAction\",\"target\":{\"@type\":\"EntryPoint\",\"urlTemplate\":\"https:\/\/www.buchingerkuduz.com\/blog\/?s={search_term_string}\"},\"query-input\":{\"@type\":\"PropertyValueSpecification\",\"valueRequired\":true,\"valueName\":\"search_term_string\"}}],\"inLanguage\":\"de\"},{\"@type\":\"Organization\",\"@id\":\"https:\/\/www.buchingerkuduz.com\/blog\/#organization\",\"name\":\"Buchinger|Kuduz Dr. Mario Buchinger\",\"url\":\"https:\/\/www.buchingerkuduz.com\/blog\/\",\"logo\":{\"@type\":\"ImageObject\",\"inLanguage\":\"de\",\"@id\":\"https:\/\/www.buchingerkuduz.com\/blog\/#\/schema\/logo\/image\/\",\"url\":\"https:\/\/www.buchingerkuduz.com\/blog\/wp-content\/uploads\/2022\/03\/Logo_RestartThinking_pict_klein.png\",\"contentUrl\":\"https:\/\/www.buchingerkuduz.com\/blog\/wp-content\/uploads\/2022\/03\/Logo_RestartThinking_pict_klein.png\",\"width\":107,\"height\":80,\"caption\":\"Buchinger|Kuduz Dr. Mario Buchinger\"},\"image\":{\"@id\":\"https:\/\/www.buchingerkuduz.com\/blog\/#\/schema\/logo\/image\/\"},\"sameAs\":[\"https:\/\/www.linkedin.com\/company\/buchinger-kuduz\",\"https:\/\/www.youtube.com\/channel\/UCIm38XbFgUFykYVQXPSpxTw\/feed\"]},{\"@type\":\"Person\",\"@id\":\"https:\/\/www.buchingerkuduz.com\/blog\/#\/schema\/person\/89b9c30cecbcd2f411a145fac4d350d3\",\"name\":\"RestartThinking\",\"image\":{\"@type\":\"ImageObject\",\"inLanguage\":\"de\",\"@id\":\"https:\/\/www.buchingerkuduz.com\/blog\/#\/schema\/person\/image\/\",\"url\":\"https:\/\/secure.gravatar.com\/avatar\/f61ba9a6dd9e21e7c9e19e340960e47b?s=96&d=mm&r=g\",\"contentUrl\":\"https:\/\/secure.gravatar.com\/avatar\/f61ba9a6dd9e21e7c9e19e340960e47b?s=96&d=mm&r=g\",\"caption\":\"RestartThinking\"}}]}<\/script>\n<!-- \/ Yoast SEO plugin. -->","yoast_head_json":{"title":"Technologie im Wandel - #RestartThinking","robots":{"index":"index","follow":"follow","max-snippet":"max-snippet:-1","max-image-preview":"max-image-preview:large","max-video-preview":"max-video-preview:-1"},"canonical":"https:\/\/www.buchingerkuduz.com\/blog\/technologie-im-wandel\/","og_locale":"de_DE","og_type":"article","og_title":"Technologie im Wandel - #RestartThinking","og_description":"So lautete der Titel der zweit\u00e4gigen Veranstaltung von Rohde &amp; Schwarz, die am 9. und 10. Juni in Teisnach im Bayrischen Wald stattfand. Hochkar\u00e4tige Vortragende und eine interessante Leistungsschau (u.a. Leiterplattenproduktion, Medizintechnik und die gr\u00f6\u00dfte Senderfertigung der Welt) machten das Programm sehr kurzweilig. Und immer wieder kam ein Thema zur Sprache: Elektromobilit\u00e4t Die Podiumsdiskussion mit Roland Sch\u00fcren, B\u00e4ckermeister und Betriebswirt, Michael Dell, Querdenker und Innovator, Mario Buchinger, Unternehmensentwickler und selbst E-Fahrer und Anton Achatz, COO von Ewald, einer lokalen E-Car-Sharing Initiative brachte den Zuh\u00f6rern interessante Erkenntnisse \u00fcber die anstehenden Ver\u00e4nderungen in der deutschen Autoindustrie, die technischen Herausforderungen und m\u00f6gliche Zukunftsszenarien. Ein wichtiger Punkt in Bezug auf Erneuerbare Energien und Elektromobilit\u00e4t ist immer eine sinnvolle Kombination der vorhandenen Ressourcen und dass auch kleine bzw. regionale Projekte viel beitragen k\u00f6nnen. Roland Sch\u00fcren zeigte am Beispiel seiner Gro\u00dfb\u00e4ckerei, wie man mittels Biomasseheizkraftwerk, Wasserspeicher f\u00fcr die Erdw\u00e4rmek\u00fchlung, R\u00fcckgewinnung der Heiz- und Prozessw\u00e4rme und Photovoltaik \u00fcber 50 Prozent des Strombedarfes einsparen kann und dabei noch eine CO2-Ersparnis von \u00fcber 90 Prozent erzielt. Als Betriebswirt standen f\u00fcr ihn auch wirtschaftliche Gesichtspunkte im Fokus, aber &#8222;von manchen Dingen muss man auch einfach \u00fcberzeugt sein&#8220;. Der B\u00e4cker wird als n\u00e4chstes Projekt seine Lieferfahrzeuge auf Batteriebetrieb umr\u00fcsten und die \u00fcbersch\u00fcssige Energie der Photovoltaikanlage in den Autos speichern. Dank intelligentem Lademanagement wird die \u00fcbersch\u00fcssige Energie aus den Autos in der Nacht in den Backprozesse zur\u00fcck gespeist. Er n\u00e4hert sich langsam dem Perpetuum mobile&#8230; Ein Satz blieb w\u00e4hrend der Diskussion ganz besonders in Erinnerung: Mit eigenem Strom zu fahren, ist wie Gem\u00fcse aus dem eigenen Garten zu ernten. Lieber Roland Sch\u00fcren, vielen Dank f\u00fcr diese bildhafte Aussage!","og_url":"https:\/\/www.buchingerkuduz.com\/blog\/technologie-im-wandel\/","og_site_name":"#RestartThinking","article_published_time":"2016-06-15T08:34:21+00:00","article_modified_time":"2022-03-27T16:19:53+00:00","og_image":[{"width":730,"height":420,"url":"https:\/\/www.buchingerkuduz.com\/blog\/wp-content\/uploads\/2022\/03\/RestartThinking-Blog_Technologie-im-Wandel.jpg","type":"image\/jpeg"}],"author":"RestartThinking","twitter_card":"summary_large_image","twitter_misc":{"Verfasst von":"RestartThinking","Gesch\u00e4tzte Lesezeit":"2\u00a0Minuten"},"schema":{"@context":"https:\/\/schema.org","@graph":[{"@type":"Article","@id":"https:\/\/www.buchingerkuduz.com\/blog\/technologie-im-wandel\/#article","isPartOf":{"@id":"https:\/\/www.buchingerkuduz.com\/blog\/technologie-im-wandel\/"},"author":{"name":"RestartThinking","@id":"https:\/\/www.buchingerkuduz.com\/blog\/#\/schema\/person\/89b9c30cecbcd2f411a145fac4d350d3"},"headline":"Technologie im Wandel","datePublished":"2016-06-15T08:34:21+00:00","dateModified":"2022-03-27T16:19:53+00:00","mainEntityOfPage":{"@id":"https:\/\/www.buchingerkuduz.com\/blog\/technologie-im-wandel\/"},"wordCount":298,"publisher":{"@id":"https:\/\/www.buchingerkuduz.com\/blog\/#organization"},"image":{"@id":"https:\/\/www.buchingerkuduz.com\/blog\/technologie-im-wandel\/#primaryimage"},"thumbnailUrl":"https:\/\/www.buchingerkuduz.com\/blog\/wp-content\/uploads\/2022\/03\/RestartThinking-Blog_Technologie-im-Wandel.jpg","articleSection":["Mobilit\u00e4tswende"],"inLanguage":"de"},{"@type":"WebPage","@id":"https:\/\/www.buchingerkuduz.com\/blog\/technologie-im-wandel\/","url":"https:\/\/www.buchingerkuduz.com\/blog\/technologie-im-wandel\/","name":"Technologie im Wandel - #RestartThinking","isPartOf":{"@id":"https:\/\/www.buchingerkuduz.com\/blog\/#website"},"primaryImageOfPage":{"@id":"https:\/\/www.buchingerkuduz.com\/blog\/technologie-im-wandel\/#primaryimage"},"image":{"@id":"https:\/\/www.buchingerkuduz.com\/blog\/technologie-im-wandel\/#primaryimage"},"thumbnailUrl":"https:\/\/www.buchingerkuduz.com\/blog\/wp-content\/uploads\/2022\/03\/RestartThinking-Blog_Technologie-im-Wandel.jpg","datePublished":"2016-06-15T08:34:21+00:00","dateModified":"2022-03-27T16:19:53+00:00","breadcrumb":{"@id":"https:\/\/www.buchingerkuduz.com\/blog\/technologie-im-wandel\/#breadcrumb"},"inLanguage":"de","potentialAction":[{"@type":"ReadAction","target":["https:\/\/www.buchingerkuduz.com\/blog\/technologie-im-wandel\/"]}]},{"@type":"ImageObject","inLanguage":"de","@id":"https:\/\/www.buchingerkuduz.com\/blog\/technologie-im-wandel\/#primaryimage","url":"https:\/\/www.buchingerkuduz.com\/blog\/wp-content\/uploads\/2022\/03\/RestartThinking-Blog_Technologie-im-Wandel.jpg","contentUrl":"https:\/\/www.buchingerkuduz.com\/blog\/wp-content\/uploads\/2022\/03\/RestartThinking-Blog_Technologie-im-Wandel.jpg","width":730,"height":420,"caption":"Technologie im Wandel - Vortrag und Podiumsdiskussion von und mit Dr. Mario Buchinger"},{"@type":"BreadcrumbList","@id":"https:\/\/www.buchingerkuduz.com\/blog\/technologie-im-wandel\/#breadcrumb","itemListElement":[{"@type":"ListItem","position":1,"name":"Startseite","item":"https:\/\/www.buchingerkuduz.com\/blog\/"},{"@type":"ListItem","position":2,"name":"Technologie im Wandel"}]},{"@type":"WebSite","@id":"https:\/\/www.buchingerkuduz.com\/blog\/#website","url":"https:\/\/www.buchingerkuduz.com\/blog\/","name":"Restart Thinking","description":"Ver\u00e4nderung. Denken. K\u00f6nnen.","publisher":{"@id":"https:\/\/www.buchingerkuduz.com\/blog\/#organization"},"potentialAction":[{"@type":"SearchAction","target":{"@type":"EntryPoint","urlTemplate":"https:\/\/www.buchingerkuduz.com\/blog\/?s={search_term_string}"},"query-input":{"@type":"PropertyValueSpecification","valueRequired":true,"valueName":"search_term_string"}}],"inLanguage":"de"},{"@type":"Organization","@id":"https:\/\/www.buchingerkuduz.com\/blog\/#organization","name":"Buchinger|Kuduz Dr. Mario Buchinger","url":"https:\/\/www.buchingerkuduz.com\/blog\/","logo":{"@type":"ImageObject","inLanguage":"de","@id":"https:\/\/www.buchingerkuduz.com\/blog\/#\/schema\/logo\/image\/","url":"https:\/\/www.buchingerkuduz.com\/blog\/wp-content\/uploads\/2022\/03\/Logo_RestartThinking_pict_klein.png","contentUrl":"https:\/\/www.buchingerkuduz.com\/blog\/wp-content\/uploads\/2022\/03\/Logo_RestartThinking_pict_klein.png","width":107,"height":80,"caption":"Buchinger|Kuduz Dr. Mario Buchinger"},"image":{"@id":"https:\/\/www.buchingerkuduz.com\/blog\/#\/schema\/logo\/image\/"},"sameAs":["https:\/\/www.linkedin.com\/company\/buchinger-kuduz","https:\/\/www.youtube.com\/channel\/UCIm38XbFgUFykYVQXPSpxTw\/feed"]},{"@type":"Person","@id":"https:\/\/www.buchingerkuduz.com\/blog\/#\/schema\/person\/89b9c30cecbcd2f411a145fac4d350d3","name":"RestartThinking","image":{"@type":"ImageObject","inLanguage":"de","@id":"https:\/\/www.buchingerkuduz.com\/blog\/#\/schema\/person\/image\/","url":"https:\/\/secure.gravatar.com\/avatar\/f61ba9a6dd9e21e7c9e19e340960e47b?s=96&d=mm&r=g","contentUrl":"https:\/\/secure.gravatar.com\/avatar\/f61ba9a6dd9e21e7c9e19e340960e47b?s=96&d=mm&r=g","caption":"RestartThinking"}}]}},"_links":{"self":[{"href":"https:\/\/www.buchingerkuduz.com\/blog\/wp-json\/wp\/v2\/posts\/77","targetHints":{"allow":["GET"]}}],"collection":[{"href":"https:\/\/www.buchingerkuduz.com\/blog\/wp-json\/wp\/v2\/posts"}],"about":[{"href":"https:\/\/www.buchingerkuduz.com\/blog\/wp-json\/wp\/v2\/types\/post"}],"author":[{"embeddable":true,"href":"https:\/\/www.buchingerkuduz.com\/blog\/wp-json\/wp\/v2\/users\/1"}],"replies":[{"embeddable":true,"href":"https:\/\/www.buchingerkuduz.com\/blog\/wp-json\/wp\/v2\/comments?post=77"}],"version-history":[{"count":0,"href":"https:\/\/www.buchingerkuduz.com\/blog\/wp-json\/wp\/v2\/posts\/77\/revisions"}],"wp:featuredmedia":[{"embeddable":true,"href":"https:\/\/www.buchingerkuduz.com\/blog\/wp-json\/wp\/v2\/media\/3535"}],"wp:attachment":[{"href":"https:\/\/www.buchingerkuduz.com\/blog\/wp-json\/wp\/v2\/media?parent=77"}],"wp:term":[{"taxonomy":"category","embeddable":true,"href":"https:\/\/www.buchingerkuduz.com\/blog\/wp-json\/wp\/v2\/categories?post=77"},{"taxonomy":"post_tag","embeddable":true,"href":"https:\/\/www.buchingerkuduz.com\/blog\/wp-json\/wp\/v2\/tags?post=77"}],"curies":[{"name":"wp","href":"https:\/\/api.w.org\/{rel}","templated":true}]}}