{"id":91,"date":"2016-09-19T10:16:10","date_gmt":"2016-09-19T08:16:10","guid":{"rendered":"https:\/\/www.buchingerkuduz.com\/blog\/?p=91"},"modified":"2024-10-31T20:31:30","modified_gmt":"2024-10-31T19:31:30","slug":"wer-steckt-hinter-dem-restartthinking-blog","status":"publish","type":"post","link":"https:\/\/www.buchingerkuduz.com\/blog\/wer-steckt-hinter-dem-restartthinking-blog\/","title":{"rendered":"Wer steckt hinter dem RestartThinking Blog?"},"content":{"rendered":"<p align=\"justify\">Seit etwa einem halben Jahr schreiben wir in unserem RestartThinking-Blog \u00fcber das Thema Elektromobilit\u00e4t und haben mittlerweile Leser in Deutschland, \u00d6sterreich, Kroatien und den USA. Im heutigen Beitrag stellen wir die Menschen vor, die hinter dem Restart Thinking Blog stehen.<\/p>\n<h2><strong>\u00d6ko-Spinner?<\/strong><\/h2>\n<p align=\"justify\">Ein Physiker und eine Ingenieurin f\u00fcr erneuerbare Energie mit betriebswirtschaftlicher Ausbildung, beide ohne Sinn f\u00fcr Esoterik &#8211; also nein, wir sind keine \u00d6ko-Spinner!<\/p>\n<h2><strong>\u00dcberzeugungst\u00e4ter?<\/strong><\/h2>\n<p>Definitiv ja!&nbsp;<\/p>\n<h2><strong>Wer sind wir?<\/strong><\/h2>\n<p align=\"justify\"><strong>Dr. Mario Buchinger<\/strong> ist promovierter Physiker und Unternehmer <a href=\"http:\/\/www.buchingerkuduz.com\" target=\"_blank\" rel=\"noopener\"><u>(Buchinger|Kuduz)<\/u><\/a>. Aus Kroatien stammend, aufgewachsen in Deutschland, weltweit f\u00fcr zwei Gro\u00dfkonzerne (Daimler und Bosch) t\u00e4tig gewesen, hat er den Blick f\u00fcr gro\u00dfe Ideen. Er entwickelt Unternehmen hin zu langfristigem Erfolg im Sinne des Kaizen, einer in Japan begr\u00fcndeten Verbesserungsphilosophie, sowie dem Ehrbaren Kaufmann. Dabei geht es selbstverst\u00e4ndlich um die Themen Nachhaltigkeit und Kundenorientierung, abseits von reiner Profitmaximierung.<\/p>\n<p align=\"justify\">Die treibende Kraft im Bereich Elektromobilit\u00e4t ist <strong>Marlene Buchinger<\/strong>. Die \u00d6sterreicherin ist nach Stationen in Australien, Deutschland und England wieder nach Hause zur\u00fcck gekehrt und bringt das Know How (BWL-Studium und Master in Erneuerbare Energien an der TU Wien) nun auf die Stra\u00dfe. Bei <a href=\"http:\/\/www.buchingerkuduz.com\" target=\"_blank\" rel=\"noopener\"><u>Buchinger|Kuduz<\/u><\/a> ist sie f\u00fcr Marketing, Innovationen und alles, was mit Geld zu tun hat, zust\u00e4ndig.<\/p>\n<h2><strong>Warum schreiben wir den RestartThinking Blog?<\/strong><\/h2>\n<p align=\"justify\">Da unser CO2-Fu\u00dfabdruck nach Jahren des intensiven beruflichen Reisens, vor allem mit dem Flugzeug, sowieso schon jenseits von Gut und B\u00f6se ist, stand die Idee schon l\u00e4nger im Raum unseren CO2-Aussto\u00df langfristig zu reduzieren.<\/p>\n<p align=\"justify\">Neben privaten Aktionen (Bezug der lokalen Gem\u00fcsekiste, bewusstem Einkauf, Verwendung des Fahrrades f\u00fcr den Einkauf, weitgehendem Verzicht auf private Flugreisen, Upcycling, etc.) war es klar, dass auch im Betrieb dieser Kurs fortgesetzt wird. Unser Haus wird mit regenerativer Energie versorgt und bei Investitionen werden nachhaltige und wenn m\u00f6gliche lokale Lieferanten bevorzugt.<\/p>\n<p align=\"justify\">Bei ca. 40.000 km pro Jahr Laufleistung liegt die Entscheidung f\u00fcr ein Elektrofahrzeug nahe und \u00fcber diese Erfahrungen wollen wir in diesem Blog berichten. Weitere \u00dcberlegungen finden Sie auch in unserem Blogbeitrag <a href=\"https:\/\/www.buchingerkuduz.com\/blog\/was-uns-bewegt\/\" rel=\"noopener\"><u>&#8222;Was uns bewegt&#8220;<\/u><\/a>.&nbsp;<\/p>\n<h2><strong>Zwischenergebnis<\/strong><\/h2>\n<p align=\"justify\">Nach mehr als 20.000 km haben wir die Entscheidung f\u00fcr ein Elektrofahrzeug nicht bereut und werden auch weiterhin dar\u00fcber berichten. <a href=\"https:\/\/www.buchingerkuduz.com\/blog\/kontakt\/\">Haben Sie Fragen oder Themenvorschl\u00e4ge? Dann freuen wir uns \u00fcber Ihre Nachrichten.<\/a><\/p>\n\n\n<p><\/p>\n","protected":false},"excerpt":{"rendered":"<p>Seit etwa einem halben Jahr schreiben wir in unserem RestartThinking-Blog \u00fcber das Thema Elektromobilit\u00e4t und haben mittlerweile Leser in Deutschland, \u00d6sterreich, Kroatien und den USA. Im heutigen Beitrag stellen wir die Menschen vor, die hinter dem Restart Thinking Blog stehen.<\/p>\n","protected":false},"author":1,"featured_media":3543,"comment_status":"closed","ping_status":"open","sticky":false,"template":"","format":"standard","meta":{"neve_meta_sidebar":"","neve_meta_container":"","neve_meta_enable_content_width":"","neve_meta_content_width":0,"neve_meta_title_alignment":"","neve_meta_author_avatar":"","neve_post_elements_order":"","neve_meta_disable_header":"","neve_meta_disable_footer":"","neve_meta_disable_title":"","footnotes":""},"categories":[186,185,283,188,1],"tags":[162,166,163,165,164],"class_list":["post-91","post","type-post","status-publish","format-standard","has-post-thumbnail","hentry","category-energiewende","category-mobilitaet","category-nachhaltigkeit","category-praxis","category-strategie","tag-blog","tag-co2-ausstoss","tag-elektromobilitaet","tag-reisen","tag-ueberzeugungstaeter"],"yoast_head":"<!-- This site is optimized with the Yoast SEO plugin v26.8 - https:\/\/yoast.com\/product\/yoast-seo-wordpress\/ -->\n<title>Wer steckt hinter dem RestartThinking Blog? - #RestartThinking<\/title>\n<meta name=\"description\" content=\"Ein Physiker und eine Ingenieurin f\u00fcr erneuerbare Energie schreiben \u00fcber ihre Erfahrungen mit Elektromobilit\u00e4t im RestartThinking Blog.\" \/>\n<meta name=\"robots\" content=\"index, follow, max-snippet:-1, max-image-preview:large, max-video-preview:-1\" \/>\n<link rel=\"canonical\" href=\"https:\/\/www.buchingerkuduz.com\/blog\/wer-steckt-hinter-dem-restartthinking-blog\/\" \/>\n<meta property=\"og:locale\" content=\"de_DE\" \/>\n<meta property=\"og:type\" content=\"article\" \/>\n<meta property=\"og:title\" content=\"Wer steckt hinter dem RestartThinking Blog? - #RestartThinking\" \/>\n<meta property=\"og:description\" content=\"Ein Physiker und eine Ingenieurin f\u00fcr erneuerbare Energie schreiben \u00fcber ihre Erfahrungen mit Elektromobilit\u00e4t im RestartThinking Blog.\" \/>\n<meta property=\"og:url\" content=\"https:\/\/www.buchingerkuduz.com\/blog\/wer-steckt-hinter-dem-restartthinking-blog\/\" \/>\n<meta property=\"og:site_name\" content=\"#RestartThinking\" \/>\n<meta property=\"article:published_time\" content=\"2016-09-19T08:16:10+00:00\" \/>\n<meta property=\"article:modified_time\" content=\"2024-10-31T19:31:30+00:00\" \/>\n<meta property=\"og:image\" content=\"https:\/\/www.buchingerkuduz.com\/blog\/wp-content\/uploads\/2022\/03\/RestartThinking-Blog_Wer-steckt-hinter-dem-Blog.jpg\" \/>\n\t<meta property=\"og:image:width\" content=\"730\" \/>\n\t<meta property=\"og:image:height\" content=\"420\" \/>\n\t<meta property=\"og:image:type\" content=\"image\/jpeg\" \/>\n<meta name=\"author\" content=\"RestartThinking\" \/>\n<meta name=\"twitter:card\" content=\"summary_large_image\" \/>\n<meta name=\"twitter:label1\" content=\"Verfasst von\" \/>\n\t<meta name=\"twitter:data1\" content=\"RestartThinking\" \/>\n\t<meta name=\"twitter:label2\" content=\"Gesch\u00e4tzte Lesezeit\" \/>\n\t<meta name=\"twitter:data2\" content=\"2\u00a0Minuten\" \/>\n<script type=\"application\/ld+json\" class=\"yoast-schema-graph\">{\"@context\":\"https:\/\/schema.org\",\"@graph\":[{\"@type\":\"Article\",\"@id\":\"https:\/\/www.buchingerkuduz.com\/blog\/wer-steckt-hinter-dem-restartthinking-blog\/#article\",\"isPartOf\":{\"@id\":\"https:\/\/www.buchingerkuduz.com\/blog\/wer-steckt-hinter-dem-restartthinking-blog\/\"},\"author\":{\"name\":\"RestartThinking\",\"@id\":\"https:\/\/www.buchingerkuduz.com\/blog\/#\/schema\/person\/89b9c30cecbcd2f411a145fac4d350d3\"},\"headline\":\"Wer steckt hinter dem RestartThinking Blog?\",\"datePublished\":\"2016-09-19T08:16:10+00:00\",\"dateModified\":\"2024-10-31T19:31:30+00:00\",\"mainEntityOfPage\":{\"@id\":\"https:\/\/www.buchingerkuduz.com\/blog\/wer-steckt-hinter-dem-restartthinking-blog\/\"},\"wordCount\":389,\"publisher\":{\"@id\":\"https:\/\/www.buchingerkuduz.com\/blog\/#organization\"},\"image\":{\"@id\":\"https:\/\/www.buchingerkuduz.com\/blog\/wer-steckt-hinter-dem-restartthinking-blog\/#primaryimage\"},\"thumbnailUrl\":\"https:\/\/www.buchingerkuduz.com\/blog\/wp-content\/uploads\/2022\/03\/RestartThinking-Blog_Wer-steckt-hinter-dem-Blog.jpg\",\"keywords\":[\"Blog\",\"CO2-Aussto\u00df\",\"Elektromobilit\u00e4t\",\"Reisen\",\"\u00dcberzeugungst\u00e4ter\"],\"articleSection\":[\"Energiewende\",\"Mobilit\u00e4tswende\",\"Nachhaltigkeit\",\"Praxis\",\"Strategie\"],\"inLanguage\":\"de\"},{\"@type\":\"WebPage\",\"@id\":\"https:\/\/www.buchingerkuduz.com\/blog\/wer-steckt-hinter-dem-restartthinking-blog\/\",\"url\":\"https:\/\/www.buchingerkuduz.com\/blog\/wer-steckt-hinter-dem-restartthinking-blog\/\",\"name\":\"Wer steckt hinter dem RestartThinking Blog? - #RestartThinking\",\"isPartOf\":{\"@id\":\"https:\/\/www.buchingerkuduz.com\/blog\/#website\"},\"primaryImageOfPage\":{\"@id\":\"https:\/\/www.buchingerkuduz.com\/blog\/wer-steckt-hinter-dem-restartthinking-blog\/#primaryimage\"},\"image\":{\"@id\":\"https:\/\/www.buchingerkuduz.com\/blog\/wer-steckt-hinter-dem-restartthinking-blog\/#primaryimage\"},\"thumbnailUrl\":\"https:\/\/www.buchingerkuduz.com\/blog\/wp-content\/uploads\/2022\/03\/RestartThinking-Blog_Wer-steckt-hinter-dem-Blog.jpg\",\"datePublished\":\"2016-09-19T08:16:10+00:00\",\"dateModified\":\"2024-10-31T19:31:30+00:00\",\"description\":\"Ein Physiker und eine Ingenieurin f\u00fcr erneuerbare Energie schreiben \u00fcber ihre Erfahrungen mit Elektromobilit\u00e4t im RestartThinking Blog.\",\"breadcrumb\":{\"@id\":\"https:\/\/www.buchingerkuduz.com\/blog\/wer-steckt-hinter-dem-restartthinking-blog\/#breadcrumb\"},\"inLanguage\":\"de\",\"potentialAction\":[{\"@type\":\"ReadAction\",\"target\":[\"https:\/\/www.buchingerkuduz.com\/blog\/wer-steckt-hinter-dem-restartthinking-blog\/\"]}]},{\"@type\":\"ImageObject\",\"inLanguage\":\"de\",\"@id\":\"https:\/\/www.buchingerkuduz.com\/blog\/wer-steckt-hinter-dem-restartthinking-blog\/#primaryimage\",\"url\":\"https:\/\/www.buchingerkuduz.com\/blog\/wp-content\/uploads\/2022\/03\/RestartThinking-Blog_Wer-steckt-hinter-dem-Blog.jpg\",\"contentUrl\":\"https:\/\/www.buchingerkuduz.com\/blog\/wp-content\/uploads\/2022\/03\/RestartThinking-Blog_Wer-steckt-hinter-dem-Blog.jpg\",\"width\":730,\"height\":420,\"caption\":\"Wer steckt hinter dem #RestartThinking Blog?\"},{\"@type\":\"BreadcrumbList\",\"@id\":\"https:\/\/www.buchingerkuduz.com\/blog\/wer-steckt-hinter-dem-restartthinking-blog\/#breadcrumb\",\"itemListElement\":[{\"@type\":\"ListItem\",\"position\":1,\"name\":\"Startseite\",\"item\":\"https:\/\/www.buchingerkuduz.com\/blog\/\"},{\"@type\":\"ListItem\",\"position\":2,\"name\":\"Wer steckt hinter dem RestartThinking Blog?\"}]},{\"@type\":\"WebSite\",\"@id\":\"https:\/\/www.buchingerkuduz.com\/blog\/#website\",\"url\":\"https:\/\/www.buchingerkuduz.com\/blog\/\",\"name\":\"Restart Thinking\",\"description\":\"Ver\u00e4nderung. Denken. K\u00f6nnen.\",\"publisher\":{\"@id\":\"https:\/\/www.buchingerkuduz.com\/blog\/#organization\"},\"potentialAction\":[{\"@type\":\"SearchAction\",\"target\":{\"@type\":\"EntryPoint\",\"urlTemplate\":\"https:\/\/www.buchingerkuduz.com\/blog\/?s={search_term_string}\"},\"query-input\":{\"@type\":\"PropertyValueSpecification\",\"valueRequired\":true,\"valueName\":\"search_term_string\"}}],\"inLanguage\":\"de\"},{\"@type\":\"Organization\",\"@id\":\"https:\/\/www.buchingerkuduz.com\/blog\/#organization\",\"name\":\"Buchinger|Kuduz Dr. Mario Buchinger\",\"url\":\"https:\/\/www.buchingerkuduz.com\/blog\/\",\"logo\":{\"@type\":\"ImageObject\",\"inLanguage\":\"de\",\"@id\":\"https:\/\/www.buchingerkuduz.com\/blog\/#\/schema\/logo\/image\/\",\"url\":\"https:\/\/www.buchingerkuduz.com\/blog\/wp-content\/uploads\/2022\/03\/Logo_RestartThinking_pict_klein.png\",\"contentUrl\":\"https:\/\/www.buchingerkuduz.com\/blog\/wp-content\/uploads\/2022\/03\/Logo_RestartThinking_pict_klein.png\",\"width\":107,\"height\":80,\"caption\":\"Buchinger|Kuduz Dr. Mario Buchinger\"},\"image\":{\"@id\":\"https:\/\/www.buchingerkuduz.com\/blog\/#\/schema\/logo\/image\/\"},\"sameAs\":[\"https:\/\/www.linkedin.com\/company\/buchinger-kuduz\",\"https:\/\/www.youtube.com\/channel\/UCIm38XbFgUFykYVQXPSpxTw\/feed\"]},{\"@type\":\"Person\",\"@id\":\"https:\/\/www.buchingerkuduz.com\/blog\/#\/schema\/person\/89b9c30cecbcd2f411a145fac4d350d3\",\"name\":\"RestartThinking\",\"image\":{\"@type\":\"ImageObject\",\"inLanguage\":\"de\",\"@id\":\"https:\/\/www.buchingerkuduz.com\/blog\/#\/schema\/person\/image\/\",\"url\":\"https:\/\/secure.gravatar.com\/avatar\/f61ba9a6dd9e21e7c9e19e340960e47b?s=96&d=mm&r=g\",\"contentUrl\":\"https:\/\/secure.gravatar.com\/avatar\/f61ba9a6dd9e21e7c9e19e340960e47b?s=96&d=mm&r=g\",\"caption\":\"RestartThinking\"}}]}<\/script>\n<!-- \/ Yoast SEO plugin. -->","yoast_head_json":{"title":"Wer steckt hinter dem RestartThinking Blog? - #RestartThinking","description":"Ein Physiker und eine Ingenieurin f\u00fcr erneuerbare Energie schreiben \u00fcber ihre Erfahrungen mit Elektromobilit\u00e4t im RestartThinking Blog.","robots":{"index":"index","follow":"follow","max-snippet":"max-snippet:-1","max-image-preview":"max-image-preview:large","max-video-preview":"max-video-preview:-1"},"canonical":"https:\/\/www.buchingerkuduz.com\/blog\/wer-steckt-hinter-dem-restartthinking-blog\/","og_locale":"de_DE","og_type":"article","og_title":"Wer steckt hinter dem RestartThinking Blog? - #RestartThinking","og_description":"Ein Physiker und eine Ingenieurin f\u00fcr erneuerbare Energie schreiben \u00fcber ihre Erfahrungen mit Elektromobilit\u00e4t im RestartThinking Blog.","og_url":"https:\/\/www.buchingerkuduz.com\/blog\/wer-steckt-hinter-dem-restartthinking-blog\/","og_site_name":"#RestartThinking","article_published_time":"2016-09-19T08:16:10+00:00","article_modified_time":"2024-10-31T19:31:30+00:00","og_image":[{"width":730,"height":420,"url":"https:\/\/www.buchingerkuduz.com\/blog\/wp-content\/uploads\/2022\/03\/RestartThinking-Blog_Wer-steckt-hinter-dem-Blog.jpg","type":"image\/jpeg"}],"author":"RestartThinking","twitter_card":"summary_large_image","twitter_misc":{"Verfasst von":"RestartThinking","Gesch\u00e4tzte Lesezeit":"2\u00a0Minuten"},"schema":{"@context":"https:\/\/schema.org","@graph":[{"@type":"Article","@id":"https:\/\/www.buchingerkuduz.com\/blog\/wer-steckt-hinter-dem-restartthinking-blog\/#article","isPartOf":{"@id":"https:\/\/www.buchingerkuduz.com\/blog\/wer-steckt-hinter-dem-restartthinking-blog\/"},"author":{"name":"RestartThinking","@id":"https:\/\/www.buchingerkuduz.com\/blog\/#\/schema\/person\/89b9c30cecbcd2f411a145fac4d350d3"},"headline":"Wer steckt hinter dem RestartThinking Blog?","datePublished":"2016-09-19T08:16:10+00:00","dateModified":"2024-10-31T19:31:30+00:00","mainEntityOfPage":{"@id":"https:\/\/www.buchingerkuduz.com\/blog\/wer-steckt-hinter-dem-restartthinking-blog\/"},"wordCount":389,"publisher":{"@id":"https:\/\/www.buchingerkuduz.com\/blog\/#organization"},"image":{"@id":"https:\/\/www.buchingerkuduz.com\/blog\/wer-steckt-hinter-dem-restartthinking-blog\/#primaryimage"},"thumbnailUrl":"https:\/\/www.buchingerkuduz.com\/blog\/wp-content\/uploads\/2022\/03\/RestartThinking-Blog_Wer-steckt-hinter-dem-Blog.jpg","keywords":["Blog","CO2-Aussto\u00df","Elektromobilit\u00e4t","Reisen","\u00dcberzeugungst\u00e4ter"],"articleSection":["Energiewende","Mobilit\u00e4tswende","Nachhaltigkeit","Praxis","Strategie"],"inLanguage":"de"},{"@type":"WebPage","@id":"https:\/\/www.buchingerkuduz.com\/blog\/wer-steckt-hinter-dem-restartthinking-blog\/","url":"https:\/\/www.buchingerkuduz.com\/blog\/wer-steckt-hinter-dem-restartthinking-blog\/","name":"Wer steckt hinter dem RestartThinking Blog? - #RestartThinking","isPartOf":{"@id":"https:\/\/www.buchingerkuduz.com\/blog\/#website"},"primaryImageOfPage":{"@id":"https:\/\/www.buchingerkuduz.com\/blog\/wer-steckt-hinter-dem-restartthinking-blog\/#primaryimage"},"image":{"@id":"https:\/\/www.buchingerkuduz.com\/blog\/wer-steckt-hinter-dem-restartthinking-blog\/#primaryimage"},"thumbnailUrl":"https:\/\/www.buchingerkuduz.com\/blog\/wp-content\/uploads\/2022\/03\/RestartThinking-Blog_Wer-steckt-hinter-dem-Blog.jpg","datePublished":"2016-09-19T08:16:10+00:00","dateModified":"2024-10-31T19:31:30+00:00","description":"Ein Physiker und eine Ingenieurin f\u00fcr erneuerbare Energie schreiben \u00fcber ihre Erfahrungen mit Elektromobilit\u00e4t im RestartThinking Blog.","breadcrumb":{"@id":"https:\/\/www.buchingerkuduz.com\/blog\/wer-steckt-hinter-dem-restartthinking-blog\/#breadcrumb"},"inLanguage":"de","potentialAction":[{"@type":"ReadAction","target":["https:\/\/www.buchingerkuduz.com\/blog\/wer-steckt-hinter-dem-restartthinking-blog\/"]}]},{"@type":"ImageObject","inLanguage":"de","@id":"https:\/\/www.buchingerkuduz.com\/blog\/wer-steckt-hinter-dem-restartthinking-blog\/#primaryimage","url":"https:\/\/www.buchingerkuduz.com\/blog\/wp-content\/uploads\/2022\/03\/RestartThinking-Blog_Wer-steckt-hinter-dem-Blog.jpg","contentUrl":"https:\/\/www.buchingerkuduz.com\/blog\/wp-content\/uploads\/2022\/03\/RestartThinking-Blog_Wer-steckt-hinter-dem-Blog.jpg","width":730,"height":420,"caption":"Wer steckt hinter dem #RestartThinking Blog?"},{"@type":"BreadcrumbList","@id":"https:\/\/www.buchingerkuduz.com\/blog\/wer-steckt-hinter-dem-restartthinking-blog\/#breadcrumb","itemListElement":[{"@type":"ListItem","position":1,"name":"Startseite","item":"https:\/\/www.buchingerkuduz.com\/blog\/"},{"@type":"ListItem","position":2,"name":"Wer steckt hinter dem RestartThinking Blog?"}]},{"@type":"WebSite","@id":"https:\/\/www.buchingerkuduz.com\/blog\/#website","url":"https:\/\/www.buchingerkuduz.com\/blog\/","name":"Restart Thinking","description":"Ver\u00e4nderung. Denken. K\u00f6nnen.","publisher":{"@id":"https:\/\/www.buchingerkuduz.com\/blog\/#organization"},"potentialAction":[{"@type":"SearchAction","target":{"@type":"EntryPoint","urlTemplate":"https:\/\/www.buchingerkuduz.com\/blog\/?s={search_term_string}"},"query-input":{"@type":"PropertyValueSpecification","valueRequired":true,"valueName":"search_term_string"}}],"inLanguage":"de"},{"@type":"Organization","@id":"https:\/\/www.buchingerkuduz.com\/blog\/#organization","name":"Buchinger|Kuduz Dr. Mario Buchinger","url":"https:\/\/www.buchingerkuduz.com\/blog\/","logo":{"@type":"ImageObject","inLanguage":"de","@id":"https:\/\/www.buchingerkuduz.com\/blog\/#\/schema\/logo\/image\/","url":"https:\/\/www.buchingerkuduz.com\/blog\/wp-content\/uploads\/2022\/03\/Logo_RestartThinking_pict_klein.png","contentUrl":"https:\/\/www.buchingerkuduz.com\/blog\/wp-content\/uploads\/2022\/03\/Logo_RestartThinking_pict_klein.png","width":107,"height":80,"caption":"Buchinger|Kuduz Dr. Mario Buchinger"},"image":{"@id":"https:\/\/www.buchingerkuduz.com\/blog\/#\/schema\/logo\/image\/"},"sameAs":["https:\/\/www.linkedin.com\/company\/buchinger-kuduz","https:\/\/www.youtube.com\/channel\/UCIm38XbFgUFykYVQXPSpxTw\/feed"]},{"@type":"Person","@id":"https:\/\/www.buchingerkuduz.com\/blog\/#\/schema\/person\/89b9c30cecbcd2f411a145fac4d350d3","name":"RestartThinking","image":{"@type":"ImageObject","inLanguage":"de","@id":"https:\/\/www.buchingerkuduz.com\/blog\/#\/schema\/person\/image\/","url":"https:\/\/secure.gravatar.com\/avatar\/f61ba9a6dd9e21e7c9e19e340960e47b?s=96&d=mm&r=g","contentUrl":"https:\/\/secure.gravatar.com\/avatar\/f61ba9a6dd9e21e7c9e19e340960e47b?s=96&d=mm&r=g","caption":"RestartThinking"}}]}},"_links":{"self":[{"href":"https:\/\/www.buchingerkuduz.com\/blog\/wp-json\/wp\/v2\/posts\/91","targetHints":{"allow":["GET"]}}],"collection":[{"href":"https:\/\/www.buchingerkuduz.com\/blog\/wp-json\/wp\/v2\/posts"}],"about":[{"href":"https:\/\/www.buchingerkuduz.com\/blog\/wp-json\/wp\/v2\/types\/post"}],"author":[{"embeddable":true,"href":"https:\/\/www.buchingerkuduz.com\/blog\/wp-json\/wp\/v2\/users\/1"}],"replies":[{"embeddable":true,"href":"https:\/\/www.buchingerkuduz.com\/blog\/wp-json\/wp\/v2\/comments?post=91"}],"version-history":[{"count":1,"href":"https:\/\/www.buchingerkuduz.com\/blog\/wp-json\/wp\/v2\/posts\/91\/revisions"}],"predecessor-version":[{"id":5206,"href":"https:\/\/www.buchingerkuduz.com\/blog\/wp-json\/wp\/v2\/posts\/91\/revisions\/5206"}],"wp:featuredmedia":[{"embeddable":true,"href":"https:\/\/www.buchingerkuduz.com\/blog\/wp-json\/wp\/v2\/media\/3543"}],"wp:attachment":[{"href":"https:\/\/www.buchingerkuduz.com\/blog\/wp-json\/wp\/v2\/media?parent=91"}],"wp:term":[{"taxonomy":"category","embeddable":true,"href":"https:\/\/www.buchingerkuduz.com\/blog\/wp-json\/wp\/v2\/categories?post=91"},{"taxonomy":"post_tag","embeddable":true,"href":"https:\/\/www.buchingerkuduz.com\/blog\/wp-json\/wp\/v2\/tags?post=91"}],"curies":[{"name":"wp","href":"https:\/\/api.w.org\/{rel}","templated":true}]}}