{"id":956,"date":"2020-09-30T17:58:05","date_gmt":"2020-09-30T15:58:05","guid":{"rendered":"https:\/\/www.buchingerkuduz.com\/blog\/?p=956"},"modified":"2022-03-21T21:18:38","modified_gmt":"2022-03-21T20:18:38","slug":"auf-zu-neuen-wegen-ideen-zur-veraenderung","status":"publish","type":"post","link":"https:\/\/www.buchingerkuduz.com\/blog\/auf-zu-neuen-wegen-ideen-zur-veraenderung\/","title":{"rendered":"Auf zu neuen Wegen \u2013 Ideen zur Ver\u00e4nderung"},"content":{"rendered":"\n<p align=\"justify\">Liebe Leserinnen und Leser, hoffentlich sind Sie sind gut in den Herbst gestartet und konnten die Sommertage genie\u00dfen. F\u00fcr uns war der Monat September sehr turbulent, daher fasse ich in diesem Blogbeitrag die wichtigsten Ereignisse f\u00fcr Sie zusammen. Au\u00dferdem denke ich \u00fcber eigene Ideen zur Ver\u00e4nderung nach.&nbsp;<\/p>\n\n\n\n<h2 class=\"wp-block-heading\"><strong>Eine Million elektrische Kilometer<\/strong><\/h2>\n\n\n\n<p align=\"justify\">Gleich zu Beginn des Monats waren wir bei Terminen in Wien. Auf dem Weg dorthin machten mein Mann und ich am Tesla-Supercharger in St. P\u00f6lten folgende Entdeckung:<\/p>\n\n\n\n<figure class=\"wp-block-image size-large\"><img fetchpriority=\"high\" decoding=\"async\" width=\"1024\" height=\"1021\" src=\"https:\/\/www.buchingerkuduz.com\/blog\/wp-content\/uploads\/2020\/09\/Tesla_S_1_Million_Kilometer_RestartThinking-1024x1021.jpeg\" alt=\"Tesla S von Freiherr Gemmingen\" class=\"wp-image-963\" srcset=\"https:\/\/www.buchingerkuduz.com\/blog\/wp-content\/uploads\/2020\/09\/Tesla_S_1_Million_Kilometer_RestartThinking-1024x1021.jpeg 1024w, https:\/\/www.buchingerkuduz.com\/blog\/wp-content\/uploads\/2020\/09\/Tesla_S_1_Million_Kilometer_RestartThinking-300x300.jpeg 300w, https:\/\/www.buchingerkuduz.com\/blog\/wp-content\/uploads\/2020\/09\/Tesla_S_1_Million_Kilometer_RestartThinking-150x150.jpeg 150w, https:\/\/www.buchingerkuduz.com\/blog\/wp-content\/uploads\/2020\/09\/Tesla_S_1_Million_Kilometer_RestartThinking-768x766.jpeg 768w, https:\/\/www.buchingerkuduz.com\/blog\/wp-content\/uploads\/2020\/09\/Tesla_S_1_Million_Kilometer_RestartThinking-1536x1532.jpeg 1536w, https:\/\/www.buchingerkuduz.com\/blog\/wp-content\/uploads\/2020\/09\/Tesla_S_1_Million_Kilometer_RestartThinking-2048x2043.jpeg 2048w\" sizes=\"(max-width: 1024px) 100vw, 1024px\" \/><figcaption>1 Million elektrische Kilometer Fahrleistung: Freiherr Gemmingen hat es als erster Fahrer weltweit geschafft<\/figcaption><\/figure>\n\n\n\n<p align=\"justify\">Das ist das Fahrzeug von Freiherr Hansj\u00f6rg Eberhard von Gemmingen-Hornberg. Seineszeichens handelt es sich um den Weltranglisten Ersten in der Tesla Hall of Fame und den bisher einzigen Fahrer weltweit, der mehr als eine Million elektrische Kilometer gefahren ist.<\/p>\n\n\n\n<h2 class=\"wp-block-heading\"><strong>5 Jahre Abgasskandal<\/strong><\/h2>\n\n\n\n<p align=\"justify\">Im September j\u00e4hrte sich mal wieder der Dieselskandal, denn im Jahr 2015 flog der Betrug bei VW auf. Weitere Hersteller waren und sind betroffen, die Aufruhr war gro\u00df. Was geschah danach? H\u00f6ren Sie in der Analyse von \u00d6konomie-Physiker Mario Buchinger und erfahren Sie, was sich seit damals alles getan bzw. nicht getan hat (<a rel=\"noreferrer noopener\" title=\"Die 77. Folge des #RestartThinking Podcasts dreht sich um den Abgasbetrug der deutschen Automobilhersteller\" href=\"https:\/\/www.buchingerkuduz.com\/de\/restartthinking-podcast-folge-77-5-jahre-abgasbetrug\/\" target=\"_blank\"><u>77. Folge des #RestartThinking Podcasts<\/u><\/a>).<\/p>\n\n\n\n<h2 class=\"wp-block-heading\"><strong>Tesla Battery Day<\/strong><\/h2>\n\n\n\n<p align=\"justify\">Am 23. September fand der lang ersehnte und heuer bereits oft verschobene \u201eBattery Day\u201c von Tesla statt. An diesem Termin stellt Tesla Gr\u00fcnder Elon Musk die <a rel=\"noreferrer noopener nofollow\" title=\"Der Tesla Battery Day 2020\" href=\"https:\/\/www.cnet.com\/roadshow\/news\/tesla-battery-day-model-s-plaid-cybertruck-elon-musk\/\" target=\"_blank\"><u>wichtigsten Neuerungen zur Batterietechnik und weitere spannende Neuigkeiten<\/u><\/a> vor.<\/p>\n\n\n\n<p align=\"justify\">Eine wesentliche Innovation liegt im <b>Design der neuen Batterie<\/b> &#8211; Tesla intern <em>Keksdose (biscuit tin)<\/em> genannt. Durch das neue Design wird die Abnahme der Spannung wesentlich verbessert, zudem wurde die Einhausung der Zelle optimiert. Das erm\u00f6glicht einen f\u00fcnffachen Energiegehalt und 16 % mehr Reichweite, bei gleichzeitig <a title=\"Details zu neuer Tesla-Batterie\" href=\"https:\/\/www.forbes.com\/sites\/jamesmorris\/2020\/09\/22\/tesla-reveals-plan-to-halve-ev-battery-costs-at-battery-day-2020\/#435a0f5b7f74\" target=\"_blank\" rel=\"noreferrer noopener nofollow\"><u>um 50 % reduzierte Produktionskosten<\/u><\/a>.<\/p>\n\n\n\n<p align=\"justify\">Ein weiteres Highlight war die Ank\u00fcndigung des <b>Tesla Model S Plaid<\/b>. F\u00fcr alle, denen die <a title=\"RestartThinking Blogbeitrag \u00fcber Teslas wahnsinnige Geschwindigkeit\" href=\"https:\/\/www.buchingerkuduz.com\/blog\/wahnsinnige-geschwindigkeit\/\"><u>Performance Version von Tesla mit Ludicrous Update<\/u><\/a> nicht schon wahnsinnig genug ist, soll es eine noch schnellere Rennversion geben. Wer&#8217;s braucht&#8230; <\/p>\n\n\n\n<p align=\"justify\">Au\u00dferdem verlautbarte Musk, dass angeblich schon mehr als eine <b>halbe Million Tesla Cybertrucks vorbestellt<\/b> wurden. Richtig, dabei handelt es sich um diese futuristisch aussehende Truckversion, bei deren Pr\u00e4sentation die Scheiben besch\u00e4digt wurden.<\/p>\n\n\n\n<p align=\"justify\">Ich fand wiederum sehr spannend, dass man sich bei Tesla zum Thema <b>Autopilot<\/b> weiter Gedanken gemacht hat und demn\u00e4chst mit einer Beta-Version ins Rennen geht, die anstelle von 2D- gleich 3D-Aufnahmen nutzt und daher noch besser auf die Umgebung reagieren kann. <\/p>\n\n\n\n<p align=\"justify\">Abschlie\u00dfend wurde noch f\u00fcr die kommenden Jahre ein <b>kosteng\u00fcnstigeres Tesla-Modell f\u00fcr 25.000 Dollar<\/b> angek\u00fcndigt. Musk ist leider noch immer die 35.000 Dollar Version des Model 3 schuldig. Aber wie man wei\u00df, dauern manche Ank\u00fcndigungen bei Tesla l\u00e4nger, aber geliefert wurde noch immer.  <\/p>\n\n\n\n<h2 class=\"wp-block-heading\"><strong>Ver\u00e4nderung &#8211; die Autowelt dreht sich<\/strong><\/h2>\n\n\n\n<p align=\"justify\">Nur einen Tag sp\u00e4ter pr\u00e4sentierte <strong>VW den ID.4, seinen Elektro-SUV<\/strong>, der den Wolfsburger Konzern an die Elektro-Spitze f\u00fchren soll. Naja, wirklich neu ist an dem Konzept nichts. VW erhofft sich viel von der ID-Serie, denn die Elektroautos soll die Flottenwerte senken. Und SUVs gelten bei den Wolfsburgern als das Wachstumssegment. Doch wie lange noch?<\/p>\n\n\n\n<p align=\"justify\">Die Idee konventionelle Antriebe durch E-Mobilit\u00e4t zu ersetzen ist nett, aber definitiv nicht der Weisheit letzter Schluss. Ich habe Ende September an einem spannenden Webinar teilgenommen, bei dem die <strong>Verkehrstrends in Indien und Asien<\/strong> diskutiert und die gr\u00f6\u00dften Ver\u00e4nderungen erl\u00e4utert wurden. Eines wird dabei immer deutlicher, Besitz ist nicht zielf\u00fchrend und gro\u00dfe Fahrzeuge sind definitiv nicht sinnvoll. Es wurden spannende Unternehmen und Ideen vorgestellt und ich bin mir sicher, dass sich einiges davon durchsetzen wird. <\/p>\n\n\n\n<h3 class=\"wp-block-heading\"><strong>Ideen aus Fernost<\/strong><\/h3>\n\n\n\n<p align=\"justify\">L\u00e4nder, wie China oder Indien, haben bereits verstanden, dass die Individualmobilit\u00e4t mittels eigener Fahrzeuge eine Sackgasse ist. Sie denken das System komplett anders und <strong>investieren massiv in den \u00f6ffentlichen Verkehr<\/strong>. Denn es kann nur im Interesse eines jeden Staates sein, Mobilit\u00e4t und die daf\u00fcr notwendige Infrastruktur f\u00fcr viele B\u00fcrger zu bieten. Damit werden erstens Arbeitspl\u00e4tze geschaffen und zweitens die Weichen f\u00fcr die Zukunft gestellt. <a rel=\"noreferrer noopener nofollow\" title=\"Spiegel.de\" artikel=\"\" \u00fcber=\"\" die=\"\" f\u00f6rdermittel=\"\" f\u00fcr=\"\" verkehr=\"\" in=\"\" deutschland=\"\" -=\"\" das=\"\" auto=\"\" gewinnt\"=\"\" href=\"https:\/\/www.spiegel.de\/auto\/aktuell\/bund-zwanzigmal-so-viel-forschungsgelder-in-kfz-wie-in-oepnv-a-1296690.html\" target=\"_blank\"><u>In Deutschland wird beispielsweise 20 mal soviel Geld in die Forschung von Fahrzeugen als in Ideen f\u00fcr den \u00f6ffentlichen Personennahverkehr (\u00d6PNV) gesteckt.<\/u><\/a> Damit werden die Steuergelder &#8211; also Ihr und mein Geld &#8211; f\u00fcr die Innovation privater Konzerne verwendet, anstatt in die Zukunft von uns allen zu investieren. <\/p>\n\n\n\n<p align=\"justify\">Ein weiterer spannender Punkt waren die <strong>Einstiegsh\u00fcrden f\u00fcr neue Mobilit\u00e4tssysteme<\/strong>. W\u00e4hrend man in Deutschland zwar das Bahnticket bei der DB buchen kann, muss man die Stra\u00dfenbahn oder den Bus bei einem anderen Anbieten buchen. Die Komplexit\u00e4t von solchen Systemen erschwert den Umstieg und damit die Ver\u00e4nderung. Der Erfolgsfaktor f\u00fcr den Umstieg liegt in der Einfachkeit \u2013 bei der Buchung und beim Bezahlen.&nbsp;Daher haben sich in Asien und Indien viele Anbieter mit diesem Problem besch\u00e4ftigt und bieten kundenorientierte L\u00f6sungen an, die dem Fahrgast eine Reise von A nach B &#8211; egal mit welchem Fahrzeug &#8211; einfach buchen und bezahlen lassen.<\/p>\n\n\n\n<p align=\"justify\">Au\u00dferdem wurden in dem Webinar spannende <strong>Anwendungen f\u00fcr die &#8222;Last Mile&#8220;<\/strong>, also den letzten Weg zum Ziel, aufgezeigt. Oft scheitert der Umstieg auf \u00f6ffentliche Verkehrsmittel, wenn man vom Bahnhof nicht mehr zum gew\u00fcnschten Ort (bei uns sind es oft die Standorte der Kunden oder zu bestimmten Hotels) weiterkommt. Wenn ein gut ausgebautes \u00f6ffentliches Verkehrsnetz mit intelligenten L\u00f6sungen f\u00fcr die \u201eLast Mile\u201c kombiniert werden, dann verliert das Auto in jedem Fall. <\/p>\n\n\n\n<h2 class=\"wp-block-heading\"><strong>Das Bahnexperiment<\/strong><\/h2>\n\n\n\n<p align=\"justify\">Wir probieren das <a title=\"Beitrag von Mario Buchinger \u00fcber das Bahnexperiment - wie kann Ver\u00e4nderung bei beruflicher Mobilit\u00e4t gelingen?\" href=\"https:\/\/www.linkedin.com\/pulse\/das-bahn-experiment-mobilit\u00e4t-der-zukunft-dr-mario-buchinger\/\" target=\"_blank\" rel=\"noreferrer noopener\"><u>System &#8222;Bahn auf der Langstrecke in Kombination mit \u00d6PNV&#8220; seit mehr als einem Jahr erfolgreich<\/u><\/a>. Dadurch hat sich die j\u00e4hrliche Fahrstrecke unseres Elektroautos auf 15.000 Kilometer reduziert, obwohl es unser einziges Fahrzeug f\u00fcr private und berufliche Zwecke ist. <\/p>\n\n\n\n<p align=\"justify\">Rational betrachtet, ist ein Tesla S daf\u00fcr definitiv zu gro\u00df. Diese Betrachtung und eine Fahrt nach Wien mit mehreren Staus war f\u00fcr uns ausschlaggebend folgende \u00dcberlegungen anzustellen:<\/p>\n\n\n\n<ol><li>Wie viel nutzen wir das Fahrzeug tats\u00e4chlich?<\/li><li>Ist ein so gro\u00dfes Fahrzeug bei unserem aktuellen Fahrprofil noch notwendig bzw. sinnvoll?<\/li><\/ol>&nbsp;\n\n\n\n<p><strong>Die Antworten waren wenig \u00fcberraschend:<\/strong><\/p>\n\n\n\n<ol type=\"1\"><li>Nicht viel. Zu Beginn waren es noch 45.000 km pro Jahr, doch durch den Umstieg auf die Bahn ist das Fahrprofil v\u00f6llig anders und wir kommen auf maximal 15.000 km.<\/li><li>Nein, siehe Punkt 1.<\/li><\/ol>&nbsp;\n\n\n\n<h2 class=\"wp-block-heading\"><strong>Eigene Ver\u00e4nderung<\/strong><\/h2>\n\n\n\n<p align=\"justify\">Aus der spontanen Idee unseren Tesla S auf einem Privatportal zu inserieren wurde pl\u00f6tzlich Ernst: Einmal eingestellt, musste ich nach einem halben Tag das Inserat wieder l\u00f6schen, denn mein Telefon stand nicht mehr still. Es gab zwar ein paar unseri\u00f6se Anrufe, aber grunds\u00e4tzlich war das Interesse am Fahrzeug gro\u00df und ernst gemeint. Nach ein paar Tagen fand das Treffen mit dem potentiellen K\u00e4ufer statt, der Papierkram wurde erledigt und nicht einmal 10 Tage sp\u00e4ter <strong>war der Tesla S Geschichte<\/strong>. Ich bin schon etwas traurig, denn wir haben unsere elektrische Reise 2016 begonnen und sind \u00fcber 136.000 km gefahren, E-Vielfahrer sozusagen.<\/p>\n\n\n\n<figure class=\"wp-block-gallery columns-3 is-cropped\"><ul class=\"blocks-gallery-grid\"><li class=\"blocks-gallery-item\"><figure><img decoding=\"async\" width=\"1024\" height=\"640\" src=\"https:\/\/www.buchingerkuduz.com\/blog\/wp-content\/uploads\/2018\/11\/RestartThinkingBlog2-1024x640.jpg\" alt=\"Restart Thinking Blog 2\" data-id=\"143\" data-full-url=\"https:\/\/www.buchingerkuduz.com\/blog\/wp-content\/uploads\/2018\/11\/RestartThinkingBlog2.jpg\" data-link=\"https:\/\/www.buchingerkuduz.com\/blog\/restartthinkingblog2\/\" class=\"wp-image-143\" srcset=\"https:\/\/www.buchingerkuduz.com\/blog\/wp-content\/uploads\/2018\/11\/RestartThinkingBlog2-1024x640.jpg 1024w, https:\/\/www.buchingerkuduz.com\/blog\/wp-content\/uploads\/2018\/11\/RestartThinkingBlog2-300x188.jpg 300w, https:\/\/www.buchingerkuduz.com\/blog\/wp-content\/uploads\/2018\/11\/RestartThinkingBlog2-768x480.jpg 768w, https:\/\/www.buchingerkuduz.com\/blog\/wp-content\/uploads\/2018\/11\/RestartThinkingBlog2.jpg 1440w\" sizes=\"(max-width: 1024px) 100vw, 1024px\" \/><figcaption class=\"blocks-gallery-item__caption\"><\/figcaption><\/figure><\/li><li class=\"blocks-gallery-item\"><figure><img decoding=\"async\" width=\"1024\" height=\"556\" src=\"https:\/\/www.buchingerkuduz.com\/blog\/wp-content\/uploads\/2018\/11\/RestartThinkingBlog-1024x556.jpg\" alt=\"Restart Thinking Blog - Elektromobilit\u00e4t f\u00fcr Vielfahrer\" data-id=\"49\" data-full-url=\"https:\/\/www.buchingerkuduz.com\/blog\/wp-content\/uploads\/2018\/11\/RestartThinkingBlog.jpg\" data-link=\"https:\/\/www.buchingerkuduz.com\/blog\/restartthinkingblog\/\" class=\"wp-image-49\" srcset=\"https:\/\/www.buchingerkuduz.com\/blog\/wp-content\/uploads\/2018\/11\/RestartThinkingBlog-1024x556.jpg 1024w, https:\/\/www.buchingerkuduz.com\/blog\/wp-content\/uploads\/2018\/11\/RestartThinkingBlog-300x163.jpg 300w, https:\/\/www.buchingerkuduz.com\/blog\/wp-content\/uploads\/2018\/11\/RestartThinkingBlog-768x417.jpg 768w, https:\/\/www.buchingerkuduz.com\/blog\/wp-content\/uploads\/2018\/11\/RestartThinkingBlog.jpg 2000w\" sizes=\"(max-width: 1024px) 100vw, 1024px\" \/><figcaption class=\"blocks-gallery-item__caption\"><\/figcaption><\/figure><\/li><li class=\"blocks-gallery-item\"><figure><img loading=\"lazy\" decoding=\"async\" width=\"1024\" height=\"379\" src=\"https:\/\/www.buchingerkuduz.com\/blog\/wp-content\/uploads\/2019\/01\/RestartThinkingBlog4-1024x379.jpg\" alt=\"Restart Thinking Blog 4\" data-id=\"527\" data-full-url=\"https:\/\/www.buchingerkuduz.com\/blog\/wp-content\/uploads\/2019\/01\/RestartThinkingBlog4.jpg\" data-link=\"https:\/\/www.buchingerkuduz.com\/blog\/restartthinkingblog4\/\" class=\"wp-image-527\" srcset=\"https:\/\/www.buchingerkuduz.com\/blog\/wp-content\/uploads\/2019\/01\/RestartThinkingBlog4-1024x379.jpg 1024w, https:\/\/www.buchingerkuduz.com\/blog\/wp-content\/uploads\/2019\/01\/RestartThinkingBlog4-300x111.jpg 300w, https:\/\/www.buchingerkuduz.com\/blog\/wp-content\/uploads\/2019\/01\/RestartThinkingBlog4-768x284.jpg 768w, https:\/\/www.buchingerkuduz.com\/blog\/wp-content\/uploads\/2019\/01\/RestartThinkingBlog4.jpg 1350w\" sizes=\"(max-width: 1024px) 100vw, 1024px\" \/><figcaption class=\"blocks-gallery-item__caption\"><\/figcaption><\/figure><\/li><\/ul><\/figure>\n\n\n\n<h2 class=\"wp-block-heading\"><strong>Weitere Ziele<\/strong><\/h2>\n\n\n\n<p align=\"justify\">Doch das ist noch nicht das Ende der Geschichte. Was ist der n\u00e4chste Schritt auf unserer Reise der Ver\u00e4nderung: Ein kleineres Fahrzeug, denn ohne kommt man am Land derzeit leider nicht aus. <a title=\"RestartThinking Blogbeitrag \u00fcber 3 Jahre E-Mobilit\u00e4t und neue Ideen zur Ver\u00e4nderung\" href=\"https:\/\/www.buchingerkuduz.com\/blog\/e-vielfahrer-bilanz-nach-drei-jahren-e-mobilitat\/\"><u>Da uns der Tesla 3 gut gef\u00e4llt<\/u><\/a>, war die Bestellung nur ein paar Klicks entfernt. Bei Tesla ist bekannt, dass zu Quartalsende besonders viele Fahrzeuge ausgeliefert werden. Da die Konfigurationsm\u00f6glichkeiten der Modelle recht simpel sind &#8211; was ich sehr sympathisch finde &#8211; werden immer einige Fahrzeuge auf Reserve produziert. Wir haben am 24. September bestellt, am 25. kam der Anruf, dass ein passendes Fahrzeug verf\u00fcgbar ist und gerade (30. September) sitze ich im Zug nach Wien um unseren Tesla 3 in Empfang zu nehmen. Mehr dazu erfahren Sie im n\u00e4chsten Blog.<\/p>\n\n\n\n<h3 class=\"wp-block-heading\"><strong>Wir haben uns aber zus\u00e4tzlich \u00fcberlegt, wie die Ver\u00e4nderung unseres Mobilit\u00e4tsverhalten in Zukunft aussehen kann:<\/strong><\/h3>\n\n\n\n<ul class=\"wp-block-list\"><li>Dieses Fahrzeug soll unser letztes eigenes sein. Der Tesla 3 ist derzeit das Beste, was die Technik derzeit bietet und wir sind gespannt auf die Verbesserungen zu unserem Model S. Doch langfristig werden sich gemeinsam genutzte Verkehrsmittel durchsetzen, auch wenn es, wie bei uns am Land noch l\u00e4nger dauern wird.<\/li><li>Die Bahn ist weiterhin das beste Verkehrsmittel f\u00fcr unser Unternehmen. Denn auf den langen Strecken (Ost- und Norddeutschland, Holland, Italien, Schweiz), ist der Zeitverlust im Auto jenseits von gut und b\u00f6se.&nbsp;Im Gegenteil, Sie gewinnen im Zug sogar Zeit, denn jemand anderer f\u00e4hrt f\u00fcr Sie.<\/li><li>Flugreisen werden nach wie vor vermieden. Wenn Fl\u00fcge unumg\u00e4nglich sind (z.B. in die USA wie Anfang 2020), werden die entstehenden Emissionen kompensiert.<\/li><li>Mein Mann will sich f\u00fcr die Last Mile vor Ort noch ein Klapprad zulegen, denn oft sind unsere Kunden oder die Hotels nicht direkt in der N\u00e4he des Bahnhofes. Derzeit geht er oft zu Fu\u00df, mit dem Klapprad ist vor Ort bessere Mobilit\u00e4t gegeben. Das Klapprad kann ohne Aufpreis im Zug transportiert werden.<\/li><li>Nach Wien fahren wir nicht mehr mit dem Auto, selbst wenn wir etwas zu transportieren haben. Die letzte Stau-Reise hat mir gereicht, denn der Zeitverlust quer durch \u00d6sterreich ist enorm und der Zug ist wesentlich schneller.<\/li><li>Im Dorf sind wir seit diesem Jahr nur mehr zu Fu\u00df oder mit dem Fahrrad unterwegs. Einzig den recyclebaren M\u00fcll bringen wir \u2013 wenn wir zu anderen Terminen unterwegs sind \u2013 mit dem Auto zur drei Kilometer entfernten Sammelstelle. Als Alternative werden wir in einen Fahrradanh\u00e4nger investieren. Da der Bauernmarkt in der N\u00e4he der Sammelstelle liegt, k\u00f6nnen wir den lokalen Einkauf mit dieser Fahrt gleich kombinieren.<\/li><\/ul>\n\n\n\n<h2 class=\"wp-block-heading\"><strong>Fazit: Ver\u00e4nderung ist m\u00f6glich<\/strong><\/h2>\n\n\n\n<p align=\"justify\">Jeder kleine Schritt tr\u00e4gt zur Vermeidung von CO2-Emissionen bei und h\u00e4lt noch dazu fit. Das gr\u00f6\u00dfte Hindernis ist man selbst, denn im Endeffekt sind diese Ver\u00e4nderungen keine Meisterleistung oder Raketenwissenschaft &#8211; oft ist es nur die eigene Bequemlichkeit.<\/p>\n\n<p align=\"justify\">Mein liebster Vorteil: Durch das kleinere Auto haben auch unsere Pflanzen in der Garage endlich einen Platz gefunden. Wie sieht Ihre Ver\u00e4nderung in Sachen Mobilit\u00e4t aus?<\/p>\n\n\n\n<p align=\"justify\">Ich w\u00fcnsche Ihnen einen guten Start in den Herbst! Bleiben Sie gesund!<\/p>\n\n\n\n<p>Beste Gr\u00fc\u00dfe,<br>Ihre Marlene Buchinger<\/p>\n","protected":false},"excerpt":{"rendered":"<p>Fazit: Ver\u00e4nderung ist m\u00f6glich. Jeder kleine Schritt tr\u00e4gt zur Vermeidung von CO2-Emissionen bei und h\u00e4lt noch dazu fit. Das gr\u00f6\u00dfte Hindernis ist man selbst, denn im Endeffekt sind diese Ver\u00e4nderungen keine Meisterleistung oder Raketenwissenschaft &#8211; oft ist es nur die eigene Bequemlichkeit.<\/p>\n","protected":false},"author":1,"featured_media":2527,"comment_status":"closed","ping_status":"open","sticky":false,"template":"","format":"standard","meta":{"neve_meta_sidebar":"","neve_meta_container":"","neve_meta_enable_content_width":"","neve_meta_content_width":0,"neve_meta_title_alignment":"","neve_meta_author_avatar":"","neve_post_elements_order":"","neve_meta_disable_header":"","neve_meta_disable_footer":"","neve_meta_disable_title":"","footnotes":""},"categories":[185,1],"tags":[106,44,107,38,63],"class_list":["post-956","post","type-post","status-publish","format-standard","has-post-thumbnail","hentry","category-mobilitaet","category-strategie","tag-bahnexperiment","tag-elektroauto","tag-fahrrad","tag-tesla","tag-veraenderung"],"yoast_head":"<!-- This site is optimized with the Yoast SEO plugin v26.8 - https:\/\/yoast.com\/product\/yoast-seo-wordpress\/ -->\n<title>Auf zu neuen Wegen \u2013 Ideen zur Ver\u00e4nderung - #RestartThinking<\/title>\n<meta name=\"description\" content=\"Wie gelingt die Ver\u00e4nderung beim pers\u00f6nlichen Mobilit\u00e4tsverhalten? Lesen Sie mehr im #RestartThinking Blog und erhalten Sie neue Ideen.\" \/>\n<meta name=\"robots\" content=\"index, follow, max-snippet:-1, max-image-preview:large, max-video-preview:-1\" \/>\n<link rel=\"canonical\" href=\"https:\/\/www.buchingerkuduz.com\/blog\/auf-zu-neuen-wegen-ideen-zur-veraenderung\/\" \/>\n<meta property=\"og:locale\" content=\"de_DE\" \/>\n<meta property=\"og:type\" content=\"article\" \/>\n<meta property=\"og:title\" content=\"Auf zu neuen Wegen \u2013 Ideen zur Ver\u00e4nderung - #RestartThinking\" \/>\n<meta property=\"og:description\" content=\"Wie gelingt die Ver\u00e4nderung beim pers\u00f6nlichen Mobilit\u00e4tsverhalten? Lesen Sie mehr im #RestartThinking Blog und erhalten Sie neue Ideen.\" \/>\n<meta property=\"og:url\" content=\"https:\/\/www.buchingerkuduz.com\/blog\/auf-zu-neuen-wegen-ideen-zur-veraenderung\/\" \/>\n<meta property=\"og:site_name\" content=\"#RestartThinking\" \/>\n<meta property=\"article:published_time\" content=\"2020-09-30T15:58:05+00:00\" \/>\n<meta property=\"article:modified_time\" content=\"2022-03-21T20:18:38+00:00\" \/>\n<meta property=\"og:image\" content=\"https:\/\/www.buchingerkuduz.com\/blog\/wp-content\/uploads\/2022\/03\/RestartThinking-Blog_Ideen-zur-Veraenderung.jpg\" \/>\n\t<meta property=\"og:image:width\" content=\"730\" \/>\n\t<meta property=\"og:image:height\" content=\"420\" \/>\n\t<meta property=\"og:image:type\" content=\"image\/jpeg\" \/>\n<meta name=\"author\" content=\"RestartThinking\" \/>\n<meta name=\"twitter:card\" content=\"summary_large_image\" \/>\n<meta name=\"twitter:label1\" content=\"Verfasst von\" \/>\n\t<meta name=\"twitter:data1\" content=\"RestartThinking\" \/>\n\t<meta name=\"twitter:label2\" content=\"Gesch\u00e4tzte Lesezeit\" \/>\n\t<meta name=\"twitter:data2\" content=\"10\u00a0Minuten\" \/>\n<script type=\"application\/ld+json\" class=\"yoast-schema-graph\">{\"@context\":\"https:\/\/schema.org\",\"@graph\":[{\"@type\":\"Article\",\"@id\":\"https:\/\/www.buchingerkuduz.com\/blog\/auf-zu-neuen-wegen-ideen-zur-veraenderung\/#article\",\"isPartOf\":{\"@id\":\"https:\/\/www.buchingerkuduz.com\/blog\/auf-zu-neuen-wegen-ideen-zur-veraenderung\/\"},\"author\":{\"name\":\"RestartThinking\",\"@id\":\"https:\/\/www.buchingerkuduz.com\/blog\/#\/schema\/person\/89b9c30cecbcd2f411a145fac4d350d3\"},\"headline\":\"Auf zu neuen Wegen \u2013 Ideen zur Ver\u00e4nderung\",\"datePublished\":\"2020-09-30T15:58:05+00:00\",\"dateModified\":\"2022-03-21T20:18:38+00:00\",\"mainEntityOfPage\":{\"@id\":\"https:\/\/www.buchingerkuduz.com\/blog\/auf-zu-neuen-wegen-ideen-zur-veraenderung\/\"},\"wordCount\":675,\"publisher\":{\"@id\":\"https:\/\/www.buchingerkuduz.com\/blog\/#organization\"},\"image\":{\"@id\":\"https:\/\/www.buchingerkuduz.com\/blog\/auf-zu-neuen-wegen-ideen-zur-veraenderung\/#primaryimage\"},\"thumbnailUrl\":\"https:\/\/www.buchingerkuduz.com\/blog\/wp-content\/uploads\/2022\/03\/RestartThinking-Blog_Ideen-zur-Veraenderung.jpg\",\"keywords\":[\"Bahnexperiment\",\"Elektroauto\",\"Fahrrad\",\"Tesla\",\"Ver\u00e4nderung\"],\"articleSection\":[\"Mobilit\u00e4tswende\",\"Strategie\"],\"inLanguage\":\"de\"},{\"@type\":\"WebPage\",\"@id\":\"https:\/\/www.buchingerkuduz.com\/blog\/auf-zu-neuen-wegen-ideen-zur-veraenderung\/\",\"url\":\"https:\/\/www.buchingerkuduz.com\/blog\/auf-zu-neuen-wegen-ideen-zur-veraenderung\/\",\"name\":\"Auf zu neuen Wegen \u2013 Ideen zur Ver\u00e4nderung - #RestartThinking\",\"isPartOf\":{\"@id\":\"https:\/\/www.buchingerkuduz.com\/blog\/#website\"},\"primaryImageOfPage\":{\"@id\":\"https:\/\/www.buchingerkuduz.com\/blog\/auf-zu-neuen-wegen-ideen-zur-veraenderung\/#primaryimage\"},\"image\":{\"@id\":\"https:\/\/www.buchingerkuduz.com\/blog\/auf-zu-neuen-wegen-ideen-zur-veraenderung\/#primaryimage\"},\"thumbnailUrl\":\"https:\/\/www.buchingerkuduz.com\/blog\/wp-content\/uploads\/2022\/03\/RestartThinking-Blog_Ideen-zur-Veraenderung.jpg\",\"datePublished\":\"2020-09-30T15:58:05+00:00\",\"dateModified\":\"2022-03-21T20:18:38+00:00\",\"description\":\"Wie gelingt die Ver\u00e4nderung beim pers\u00f6nlichen Mobilit\u00e4tsverhalten? Lesen Sie mehr im #RestartThinking Blog und erhalten Sie neue Ideen.\",\"breadcrumb\":{\"@id\":\"https:\/\/www.buchingerkuduz.com\/blog\/auf-zu-neuen-wegen-ideen-zur-veraenderung\/#breadcrumb\"},\"inLanguage\":\"de\",\"potentialAction\":[{\"@type\":\"ReadAction\",\"target\":[\"https:\/\/www.buchingerkuduz.com\/blog\/auf-zu-neuen-wegen-ideen-zur-veraenderung\/\"]}]},{\"@type\":\"ImageObject\",\"inLanguage\":\"de\",\"@id\":\"https:\/\/www.buchingerkuduz.com\/blog\/auf-zu-neuen-wegen-ideen-zur-veraenderung\/#primaryimage\",\"url\":\"https:\/\/www.buchingerkuduz.com\/blog\/wp-content\/uploads\/2022\/03\/RestartThinking-Blog_Ideen-zur-Veraenderung.jpg\",\"contentUrl\":\"https:\/\/www.buchingerkuduz.com\/blog\/wp-content\/uploads\/2022\/03\/RestartThinking-Blog_Ideen-zur-Veraenderung.jpg\",\"width\":730,\"height\":420,\"caption\":\"Ver\u00e4nderung ist auch f\u00fcr Buchinger|Kuduz wichtig: Wie wird unser Mobilit\u00e4tskonzept weiter entwickelt?\"},{\"@type\":\"BreadcrumbList\",\"@id\":\"https:\/\/www.buchingerkuduz.com\/blog\/auf-zu-neuen-wegen-ideen-zur-veraenderung\/#breadcrumb\",\"itemListElement\":[{\"@type\":\"ListItem\",\"position\":1,\"name\":\"Startseite\",\"item\":\"https:\/\/www.buchingerkuduz.com\/blog\/\"},{\"@type\":\"ListItem\",\"position\":2,\"name\":\"Auf zu neuen Wegen \u2013 Ideen zur Ver\u00e4nderung\"}]},{\"@type\":\"WebSite\",\"@id\":\"https:\/\/www.buchingerkuduz.com\/blog\/#website\",\"url\":\"https:\/\/www.buchingerkuduz.com\/blog\/\",\"name\":\"Restart Thinking\",\"description\":\"Ver\u00e4nderung. Denken. K\u00f6nnen.\",\"publisher\":{\"@id\":\"https:\/\/www.buchingerkuduz.com\/blog\/#organization\"},\"potentialAction\":[{\"@type\":\"SearchAction\",\"target\":{\"@type\":\"EntryPoint\",\"urlTemplate\":\"https:\/\/www.buchingerkuduz.com\/blog\/?s={search_term_string}\"},\"query-input\":{\"@type\":\"PropertyValueSpecification\",\"valueRequired\":true,\"valueName\":\"search_term_string\"}}],\"inLanguage\":\"de\"},{\"@type\":\"Organization\",\"@id\":\"https:\/\/www.buchingerkuduz.com\/blog\/#organization\",\"name\":\"Buchinger|Kuduz Dr. Mario Buchinger\",\"url\":\"https:\/\/www.buchingerkuduz.com\/blog\/\",\"logo\":{\"@type\":\"ImageObject\",\"inLanguage\":\"de\",\"@id\":\"https:\/\/www.buchingerkuduz.com\/blog\/#\/schema\/logo\/image\/\",\"url\":\"https:\/\/www.buchingerkuduz.com\/blog\/wp-content\/uploads\/2022\/03\/Logo_RestartThinking_pict_klein.png\",\"contentUrl\":\"https:\/\/www.buchingerkuduz.com\/blog\/wp-content\/uploads\/2022\/03\/Logo_RestartThinking_pict_klein.png\",\"width\":107,\"height\":80,\"caption\":\"Buchinger|Kuduz Dr. Mario Buchinger\"},\"image\":{\"@id\":\"https:\/\/www.buchingerkuduz.com\/blog\/#\/schema\/logo\/image\/\"},\"sameAs\":[\"https:\/\/www.linkedin.com\/company\/buchinger-kuduz\",\"https:\/\/www.youtube.com\/channel\/UCIm38XbFgUFykYVQXPSpxTw\/feed\"]},{\"@type\":\"Person\",\"@id\":\"https:\/\/www.buchingerkuduz.com\/blog\/#\/schema\/person\/89b9c30cecbcd2f411a145fac4d350d3\",\"name\":\"RestartThinking\",\"image\":{\"@type\":\"ImageObject\",\"inLanguage\":\"de\",\"@id\":\"https:\/\/www.buchingerkuduz.com\/blog\/#\/schema\/person\/image\/\",\"url\":\"https:\/\/secure.gravatar.com\/avatar\/f61ba9a6dd9e21e7c9e19e340960e47b?s=96&d=mm&r=g\",\"contentUrl\":\"https:\/\/secure.gravatar.com\/avatar\/f61ba9a6dd9e21e7c9e19e340960e47b?s=96&d=mm&r=g\",\"caption\":\"RestartThinking\"}}]}<\/script>\n<!-- \/ Yoast SEO plugin. -->","yoast_head_json":{"title":"Auf zu neuen Wegen \u2013 Ideen zur Ver\u00e4nderung - #RestartThinking","description":"Wie gelingt die Ver\u00e4nderung beim pers\u00f6nlichen Mobilit\u00e4tsverhalten? Lesen Sie mehr im #RestartThinking Blog und erhalten Sie neue Ideen.","robots":{"index":"index","follow":"follow","max-snippet":"max-snippet:-1","max-image-preview":"max-image-preview:large","max-video-preview":"max-video-preview:-1"},"canonical":"https:\/\/www.buchingerkuduz.com\/blog\/auf-zu-neuen-wegen-ideen-zur-veraenderung\/","og_locale":"de_DE","og_type":"article","og_title":"Auf zu neuen Wegen \u2013 Ideen zur Ver\u00e4nderung - #RestartThinking","og_description":"Wie gelingt die Ver\u00e4nderung beim pers\u00f6nlichen Mobilit\u00e4tsverhalten? Lesen Sie mehr im #RestartThinking Blog und erhalten Sie neue Ideen.","og_url":"https:\/\/www.buchingerkuduz.com\/blog\/auf-zu-neuen-wegen-ideen-zur-veraenderung\/","og_site_name":"#RestartThinking","article_published_time":"2020-09-30T15:58:05+00:00","article_modified_time":"2022-03-21T20:18:38+00:00","og_image":[{"width":730,"height":420,"url":"https:\/\/www.buchingerkuduz.com\/blog\/wp-content\/uploads\/2022\/03\/RestartThinking-Blog_Ideen-zur-Veraenderung.jpg","type":"image\/jpeg"}],"author":"RestartThinking","twitter_card":"summary_large_image","twitter_misc":{"Verfasst von":"RestartThinking","Gesch\u00e4tzte Lesezeit":"10\u00a0Minuten"},"schema":{"@context":"https:\/\/schema.org","@graph":[{"@type":"Article","@id":"https:\/\/www.buchingerkuduz.com\/blog\/auf-zu-neuen-wegen-ideen-zur-veraenderung\/#article","isPartOf":{"@id":"https:\/\/www.buchingerkuduz.com\/blog\/auf-zu-neuen-wegen-ideen-zur-veraenderung\/"},"author":{"name":"RestartThinking","@id":"https:\/\/www.buchingerkuduz.com\/blog\/#\/schema\/person\/89b9c30cecbcd2f411a145fac4d350d3"},"headline":"Auf zu neuen Wegen \u2013 Ideen zur Ver\u00e4nderung","datePublished":"2020-09-30T15:58:05+00:00","dateModified":"2022-03-21T20:18:38+00:00","mainEntityOfPage":{"@id":"https:\/\/www.buchingerkuduz.com\/blog\/auf-zu-neuen-wegen-ideen-zur-veraenderung\/"},"wordCount":675,"publisher":{"@id":"https:\/\/www.buchingerkuduz.com\/blog\/#organization"},"image":{"@id":"https:\/\/www.buchingerkuduz.com\/blog\/auf-zu-neuen-wegen-ideen-zur-veraenderung\/#primaryimage"},"thumbnailUrl":"https:\/\/www.buchingerkuduz.com\/blog\/wp-content\/uploads\/2022\/03\/RestartThinking-Blog_Ideen-zur-Veraenderung.jpg","keywords":["Bahnexperiment","Elektroauto","Fahrrad","Tesla","Ver\u00e4nderung"],"articleSection":["Mobilit\u00e4tswende","Strategie"],"inLanguage":"de"},{"@type":"WebPage","@id":"https:\/\/www.buchingerkuduz.com\/blog\/auf-zu-neuen-wegen-ideen-zur-veraenderung\/","url":"https:\/\/www.buchingerkuduz.com\/blog\/auf-zu-neuen-wegen-ideen-zur-veraenderung\/","name":"Auf zu neuen Wegen \u2013 Ideen zur Ver\u00e4nderung - #RestartThinking","isPartOf":{"@id":"https:\/\/www.buchingerkuduz.com\/blog\/#website"},"primaryImageOfPage":{"@id":"https:\/\/www.buchingerkuduz.com\/blog\/auf-zu-neuen-wegen-ideen-zur-veraenderung\/#primaryimage"},"image":{"@id":"https:\/\/www.buchingerkuduz.com\/blog\/auf-zu-neuen-wegen-ideen-zur-veraenderung\/#primaryimage"},"thumbnailUrl":"https:\/\/www.buchingerkuduz.com\/blog\/wp-content\/uploads\/2022\/03\/RestartThinking-Blog_Ideen-zur-Veraenderung.jpg","datePublished":"2020-09-30T15:58:05+00:00","dateModified":"2022-03-21T20:18:38+00:00","description":"Wie gelingt die Ver\u00e4nderung beim pers\u00f6nlichen Mobilit\u00e4tsverhalten? Lesen Sie mehr im #RestartThinking Blog und erhalten Sie neue Ideen.","breadcrumb":{"@id":"https:\/\/www.buchingerkuduz.com\/blog\/auf-zu-neuen-wegen-ideen-zur-veraenderung\/#breadcrumb"},"inLanguage":"de","potentialAction":[{"@type":"ReadAction","target":["https:\/\/www.buchingerkuduz.com\/blog\/auf-zu-neuen-wegen-ideen-zur-veraenderung\/"]}]},{"@type":"ImageObject","inLanguage":"de","@id":"https:\/\/www.buchingerkuduz.com\/blog\/auf-zu-neuen-wegen-ideen-zur-veraenderung\/#primaryimage","url":"https:\/\/www.buchingerkuduz.com\/blog\/wp-content\/uploads\/2022\/03\/RestartThinking-Blog_Ideen-zur-Veraenderung.jpg","contentUrl":"https:\/\/www.buchingerkuduz.com\/blog\/wp-content\/uploads\/2022\/03\/RestartThinking-Blog_Ideen-zur-Veraenderung.jpg","width":730,"height":420,"caption":"Ver\u00e4nderung ist auch f\u00fcr Buchinger|Kuduz wichtig: Wie wird unser Mobilit\u00e4tskonzept weiter entwickelt?"},{"@type":"BreadcrumbList","@id":"https:\/\/www.buchingerkuduz.com\/blog\/auf-zu-neuen-wegen-ideen-zur-veraenderung\/#breadcrumb","itemListElement":[{"@type":"ListItem","position":1,"name":"Startseite","item":"https:\/\/www.buchingerkuduz.com\/blog\/"},{"@type":"ListItem","position":2,"name":"Auf zu neuen Wegen \u2013 Ideen zur Ver\u00e4nderung"}]},{"@type":"WebSite","@id":"https:\/\/www.buchingerkuduz.com\/blog\/#website","url":"https:\/\/www.buchingerkuduz.com\/blog\/","name":"Restart Thinking","description":"Ver\u00e4nderung. Denken. K\u00f6nnen.","publisher":{"@id":"https:\/\/www.buchingerkuduz.com\/blog\/#organization"},"potentialAction":[{"@type":"SearchAction","target":{"@type":"EntryPoint","urlTemplate":"https:\/\/www.buchingerkuduz.com\/blog\/?s={search_term_string}"},"query-input":{"@type":"PropertyValueSpecification","valueRequired":true,"valueName":"search_term_string"}}],"inLanguage":"de"},{"@type":"Organization","@id":"https:\/\/www.buchingerkuduz.com\/blog\/#organization","name":"Buchinger|Kuduz Dr. Mario Buchinger","url":"https:\/\/www.buchingerkuduz.com\/blog\/","logo":{"@type":"ImageObject","inLanguage":"de","@id":"https:\/\/www.buchingerkuduz.com\/blog\/#\/schema\/logo\/image\/","url":"https:\/\/www.buchingerkuduz.com\/blog\/wp-content\/uploads\/2022\/03\/Logo_RestartThinking_pict_klein.png","contentUrl":"https:\/\/www.buchingerkuduz.com\/blog\/wp-content\/uploads\/2022\/03\/Logo_RestartThinking_pict_klein.png","width":107,"height":80,"caption":"Buchinger|Kuduz Dr. Mario Buchinger"},"image":{"@id":"https:\/\/www.buchingerkuduz.com\/blog\/#\/schema\/logo\/image\/"},"sameAs":["https:\/\/www.linkedin.com\/company\/buchinger-kuduz","https:\/\/www.youtube.com\/channel\/UCIm38XbFgUFykYVQXPSpxTw\/feed"]},{"@type":"Person","@id":"https:\/\/www.buchingerkuduz.com\/blog\/#\/schema\/person\/89b9c30cecbcd2f411a145fac4d350d3","name":"RestartThinking","image":{"@type":"ImageObject","inLanguage":"de","@id":"https:\/\/www.buchingerkuduz.com\/blog\/#\/schema\/person\/image\/","url":"https:\/\/secure.gravatar.com\/avatar\/f61ba9a6dd9e21e7c9e19e340960e47b?s=96&d=mm&r=g","contentUrl":"https:\/\/secure.gravatar.com\/avatar\/f61ba9a6dd9e21e7c9e19e340960e47b?s=96&d=mm&r=g","caption":"RestartThinking"}}]}},"_links":{"self":[{"href":"https:\/\/www.buchingerkuduz.com\/blog\/wp-json\/wp\/v2\/posts\/956","targetHints":{"allow":["GET"]}}],"collection":[{"href":"https:\/\/www.buchingerkuduz.com\/blog\/wp-json\/wp\/v2\/posts"}],"about":[{"href":"https:\/\/www.buchingerkuduz.com\/blog\/wp-json\/wp\/v2\/types\/post"}],"author":[{"embeddable":true,"href":"https:\/\/www.buchingerkuduz.com\/blog\/wp-json\/wp\/v2\/users\/1"}],"replies":[{"embeddable":true,"href":"https:\/\/www.buchingerkuduz.com\/blog\/wp-json\/wp\/v2\/comments?post=956"}],"version-history":[{"count":0,"href":"https:\/\/www.buchingerkuduz.com\/blog\/wp-json\/wp\/v2\/posts\/956\/revisions"}],"wp:featuredmedia":[{"embeddable":true,"href":"https:\/\/www.buchingerkuduz.com\/blog\/wp-json\/wp\/v2\/media\/2527"}],"wp:attachment":[{"href":"https:\/\/www.buchingerkuduz.com\/blog\/wp-json\/wp\/v2\/media?parent=956"}],"wp:term":[{"taxonomy":"category","embeddable":true,"href":"https:\/\/www.buchingerkuduz.com\/blog\/wp-json\/wp\/v2\/categories?post=956"},{"taxonomy":"post_tag","embeddable":true,"href":"https:\/\/www.buchingerkuduz.com\/blog\/wp-json\/wp\/v2\/tags?post=956"}],"curies":[{"name":"wp","href":"https:\/\/api.w.org\/{rel}","templated":true}]}}